{"id":1680,"date":"2016-02-21T10:10:26","date_gmt":"2016-02-21T08:10:26","guid":{"rendered":"http:\/\/www.herschdurfer-karneval.de\/?p=1680"},"modified":"2016-02-21T10:10:26","modified_gmt":"2016-02-21T08:10:26","slug":"der-hkv-auf-reisen","status":"publish","type":"post","link":"http:\/\/www.herschdurfer-karneval.de\/wpr\/?p=1680","title":{"rendered":"Der HKV unterwegs"},"content":{"rendered":"<p><img loading=\"lazy\" decoding=\"async\" src=\"http:\/\/www.herschdurfer-karneval.de\/wpr\/wp-content\/uploads\/2016\/02\/umzug_schirgiswalde_2016_520px.jpg\" alt=\"umzug_schirgiswalde_2016_520px\" title=\"umzug_schirgiswalde_2016_520px\" width=\"530\" height=\"298\" class=\"aligncenter size-full wp-image-1687\" srcset=\"http:\/\/www.herschdurfer-karneval.de\/wpr\/wp-content\/uploads\/2016\/02\/umzug_schirgiswalde_2016_520px.jpg 530w, http:\/\/www.herschdurfer-karneval.de\/wpr\/wp-content\/uploads\/2016\/02\/umzug_schirgiswalde_2016_520px-300x169.jpg 300w\" sizes=\"auto, (max-width: 530px) 100vw, 530px\" \/><\/p>\n<p>Jetzt, nachdem die aktuelle Saison beendet ist und wir nach dem Abbau der Faschingskulissen mal die F\u00fc\u00dfe hochlegen und verschnaufen k\u00f6nnen, lassen wir die letzten n\u00e4rrischen Tage nochmal Revue passieren. So wie alle Jahre wieder war auch in diesem Jahr <a target=\"_blank\" href=\"http:\/\/www.bautzenerbote.de\/schirgiswalde-feiert-zu-land-und-zu-wasser\/\">der gro\u00dfe Umzug in Schirgiswalde<\/a> der n\u00e4rrische H\u00f6hepunkt unserer Rundreisen, wie gewohnt bestens organisiert vom <a target=\"_blank\"  href=\"http:\/\/www.schirgiswalder-faschingsclub.de\/\">Schirgiswalder Faschingsclub<\/a>. Die Berichterstattung in den Medien kam nicht zu kurz, so dass wir uns hier viele Worte sparen k\u00f6nnen :). Wer in folgenden Artikeln st\u00f6bert, wird mit Sicherheit auch ein paar Schnappsch\u00fcsse von uns finden:<\/p>\n<ul>\n<li><a target=\"_blank\" href=\"http:\/\/www.onb-ev.de\/Galerie\/20.Saison\/UmzugSchirgiswalde07.02.2016\/UmzugSchirgiswalde07.02.2016.htm\">Onlinegalerie des Oppacher Narrenbund e.V.<\/a><\/li>\n<li>Faschingsumzug 2016 &#8211; <a target=\"_blank\" href=\"http:\/\/lausitznews.de\/pressebericht_16495.html\">Pressebericht<\/a> und <a target=\"_blank\" href=\"http:\/\/lausitznews.de\/gallery.php?id=1181\">Fotogalerie<\/a> von Lausitznews.de<\/li>\n<li>Die <a target=\"_blank\" href=\"http:\/\/www.ostsachsen.tv\/news\/news10022016\/index.php\">Kurznachrichten des Tages<\/a> vom Ostsachsen TV<\/li>\n<li>Impressionen zum Schirgiswalder Faschingsumzug 2016 &#8211; Das <a target=\"_blank\" href=\"https:\/\/www.facebook.com\/media\/set\/?set=a.1163951016948682.1073741830.1132671673409950\">facebook-Fotoalbum<\/a> der <a target=\"_blank\" href=\"https:\/\/www.facebook.com\/schirgiswalder\/\">Schirgiswalder Kultur GbR<\/a><\/li>\n<li>Der <a target=\"_blank\" href=\"https:\/\/www.youtube.com\/watch?v=B0lNJXTaK9k\">Umzugs-Bilderclip von Didi Eimi<\/a> auf Youtube<\/li>\n<\/ul>\n<p>Vielleicht ist ja die Teilnahme an solchen n\u00e4rrischen Gro\u00dfveranstaltungen auch ein Ansporn f\u00fcr manchen, in unserem Verein aktiv mitzuwirken? In diesem Fall schaut einfach mal <a target=\"_blank\" href=\"http:\/\/www.herschdurfer-karneval.de\/?p=1641\">bei einer unserer Vereinssitzungen<\/a> vorbei!<\/p>\n<p><img loading=\"lazy\" decoding=\"async\" src=\"http:\/\/www.herschdurfer-karneval.de\/wpr\/wp-content\/uploads\/2016\/02\/umzug_schirgiswalde_2016b_520px.jpg\" alt=\"umzug_schirgiswalde_2016b_520px\" title=\"umzug_schirgiswalde_2016b_520px\" width=\"530\" height=\"287\" class=\"aligncenter size-full wp-image-1688\" srcset=\"http:\/\/www.herschdurfer-karneval.de\/wpr\/wp-content\/uploads\/2016\/02\/umzug_schirgiswalde_2016b_520px.jpg 530w, http:\/\/www.herschdurfer-karneval.de\/wpr\/wp-content\/uploads\/2016\/02\/umzug_schirgiswalde_2016b_520px-300x162.jpg 300w\" sizes=\"auto, (max-width: 530px) 100vw, 530px\" \/><\/p>\n","protected":false},"excerpt":{"rendered":"<p>Jetzt, nachdem die aktuelle Saison beendet ist und wir nach dem Abbau der Faschingskulissen mal die F\u00fc\u00dfe hochlegen und verschnaufen k\u00f6nnen, lassen wir die letzten n\u00e4rrischen Tage nochmal Revue passieren. So wie alle Jahre wieder war auch in diesem Jahr der gro\u00dfe Umzug in Schirgiswalde der n\u00e4rrische H\u00f6hepunkt unserer Rundreisen, \u2026 <a class=\"continue-reading-link\" href=\"http:\/\/www.herschdurfer-karneval.de\/wpr\/?p=1680\">Hier klicken f\u00fcr den vollst\u00e4ndigen Artikel. <span class=\"meta-nav\">&rarr; <\/span><\/a><\/p>\n","protected":false},"author":1,"featured_media":0,"comment_status":"open","ping_status":"closed","sticky":false,"template":"","format":"standard","meta":{"footnotes":""},"categories":[5],"tags":[15,71,91,105,127],"class_list":["post-1680","post","type-post","status-publish","format-standard","hentry","category-ruckblick","tag-15","tag-karneval","tag-oberlausitz","tag-schirgiswalde","tag-umzug"],"yoast_head":"<!-- This site is optimized with the Yoast SEO plugin v26.7 - https:\/\/yoast.com\/wordpress\/plugins\/seo\/ -->\n<title>Der HKV unterwegs - Herschdurfer Karneval<\/title>\n<meta name=\"robots\" content=\"index, follow, max-snippet:-1, max-image-preview:large, max-video-preview:-1\" \/>\n<link rel=\"canonical\" href=\"http:\/\/www.herschdurfer-karneval.de\/wpr\/?p=1680\" \/>\n<meta property=\"og:locale\" content=\"de_DE\" \/>\n<meta property=\"og:type\" content=\"article\" \/>\n<meta property=\"og:title\" content=\"Der HKV unterwegs - Herschdurfer Karneval\" \/>\n<meta property=\"og:description\" content=\"Jetzt, nachdem die aktuelle Saison beendet ist und wir nach dem Abbau der Faschingskulissen mal die F\u00fc\u00dfe hochlegen und verschnaufen k\u00f6nnen, lassen wir die letzten n\u00e4rrischen Tage nochmal Revue passieren. So wie alle Jahre wieder war auch in diesem Jahr der gro\u00dfe Umzug in Schirgiswalde der n\u00e4rrische H\u00f6hepunkt unserer Rundreisen, \u2026 Hier klicken f\u00fcr den vollst\u00e4ndigen Artikel. &rarr;\" \/>\n<meta property=\"og:url\" content=\"http:\/\/www.herschdurfer-karneval.de\/wpr\/?p=1680\" \/>\n<meta property=\"og:site_name\" content=\"Herschdurfer Karneval\" \/>\n<meta property=\"article:publisher\" content=\"https:\/\/www.facebook.com\/HerschdurferKarneval\" \/>\n<meta property=\"article:published_time\" content=\"2016-02-21T08:10:26+00:00\" \/>\n<meta property=\"og:image\" content=\"http:\/\/www.herschdurfer-karneval.de\/wpr\/wp-content\/uploads\/2016\/02\/umzug_schirgiswalde_2016_520px.jpg\" \/>\n<meta name=\"author\" content=\"ccclaus\" \/>\n<meta name=\"twitter:card\" content=\"summary_large_image\" \/>\n<meta name=\"twitter:creator\" content=\"@MihedoKarneval\" \/>\n<meta name=\"twitter:site\" content=\"@MihedoKarneval\" \/>\n<meta name=\"twitter:label1\" content=\"Verfasst von\" \/>\n\t<meta name=\"twitter:data1\" content=\"ccclaus\" \/>\n\t<meta name=\"twitter:label2\" content=\"Gesch\u00e4tzte Lesezeit\" \/>\n\t<meta name=\"twitter:data2\" content=\"1\u00a0Minute\" \/>\n<script type=\"application\/ld+json\" class=\"yoast-schema-graph\">{\"@context\":\"https:\/\/schema.org\",\"@graph\":[{\"@type\":\"Article\",\"@id\":\"http:\/\/www.herschdurfer-karneval.de\/wpr\/?p=1680#article\",\"isPartOf\":{\"@id\":\"http:\/\/www.herschdurfer-karneval.de\/wpr\/?p=1680\"},\"author\":{\"name\":\"ccclaus\",\"@id\":\"http:\/\/www.herschdurfer-karneval.de\/wpr\/#\/schema\/person\/348195a70aeab304b6d33cad8a97ae1e\"},\"headline\":\"Der HKV unterwegs\",\"datePublished\":\"2016-02-21T08:10:26+00:00\",\"mainEntityOfPage\":{\"@id\":\"http:\/\/www.herschdurfer-karneval.de\/wpr\/?p=1680\"},\"wordCount\":174,\"commentCount\":0,\"publisher\":{\"@id\":\"http:\/\/www.herschdurfer-karneval.de\/wpr\/#organization\"},\"image\":{\"@id\":\"http:\/\/www.herschdurfer-karneval.de\/wpr\/?p=1680#primaryimage\"},\"thumbnailUrl\":\"http:\/\/www.herschdurfer-karneval.de\/wpr\/wp-content\/uploads\/2016\/02\/umzug_schirgiswalde_2016_520px.jpg\",\"keywords\":[\"2016\",\"Karneval\",\"Oberlausitz\",\"Schirgiswalde\",\"Umzug\"],\"articleSection\":[\"R\u00fcckblick\"],\"inLanguage\":\"de\",\"potentialAction\":[{\"@type\":\"CommentAction\",\"name\":\"Comment\",\"target\":[\"http:\/\/www.herschdurfer-karneval.de\/wpr\/?p=1680#respond\"]}]},{\"@type\":\"WebPage\",\"@id\":\"http:\/\/www.herschdurfer-karneval.de\/wpr\/?p=1680\",\"url\":\"http:\/\/www.herschdurfer-karneval.de\/wpr\/?p=1680\",\"name\":\"Der HKV unterwegs - Herschdurfer Karneval\",\"isPartOf\":{\"@id\":\"http:\/\/www.herschdurfer-karneval.de\/wpr\/#website\"},\"primaryImageOfPage\":{\"@id\":\"http:\/\/www.herschdurfer-karneval.de\/wpr\/?p=1680#primaryimage\"},\"image\":{\"@id\":\"http:\/\/www.herschdurfer-karneval.de\/wpr\/?p=1680#primaryimage\"},\"thumbnailUrl\":\"http:\/\/www.herschdurfer-karneval.de\/wpr\/wp-content\/uploads\/2016\/02\/umzug_schirgiswalde_2016_520px.jpg\",\"datePublished\":\"2016-02-21T08:10:26+00:00\",\"breadcrumb\":{\"@id\":\"http:\/\/www.herschdurfer-karneval.de\/wpr\/?p=1680#breadcrumb\"},\"inLanguage\":\"de\",\"potentialAction\":[{\"@type\":\"ReadAction\",\"target\":[\"http:\/\/www.herschdurfer-karneval.de\/wpr\/?p=1680\"]}]},{\"@type\":\"ImageObject\",\"inLanguage\":\"de\",\"@id\":\"http:\/\/www.herschdurfer-karneval.de\/wpr\/?p=1680#primaryimage\",\"url\":\"http:\/\/www.herschdurfer-karneval.de\/wpr\/wp-content\/uploads\/2016\/02\/umzug_schirgiswalde_2016_520px.jpg\",\"contentUrl\":\"http:\/\/www.herschdurfer-karneval.de\/wpr\/wp-content\/uploads\/2016\/02\/umzug_schirgiswalde_2016_520px.jpg\",\"width\":530,\"height\":298},{\"@type\":\"BreadcrumbList\",\"@id\":\"http:\/\/www.herschdurfer-karneval.de\/wpr\/?p=1680#breadcrumb\",\"itemListElement\":[{\"@type\":\"ListItem\",\"position\":1,\"name\":\"Startseite\",\"item\":\"http:\/\/www.herschdurfer-karneval.de\/wpr\"},{\"@type\":\"ListItem\",\"position\":2,\"name\":\"Der HKV unterwegs\"}]},{\"@type\":\"WebSite\",\"@id\":\"http:\/\/www.herschdurfer-karneval.de\/wpr\/#website\",\"url\":\"http:\/\/www.herschdurfer-karneval.de\/wpr\/\",\"name\":\"Herschdurfer Karneval\",\"description\":\"Die Webpr\u00e4senz des Mittelherwigsdorfer Karnevalsvereins.\",\"publisher\":{\"@id\":\"http:\/\/www.herschdurfer-karneval.de\/wpr\/#organization\"},\"potentialAction\":[{\"@type\":\"SearchAction\",\"target\":{\"@type\":\"EntryPoint\",\"urlTemplate\":\"http:\/\/www.herschdurfer-karneval.de\/wpr\/?s={search_term_string}\"},\"query-input\":{\"@type\":\"PropertyValueSpecification\",\"valueRequired\":true,\"valueName\":\"search_term_string\"}}],\"inLanguage\":\"de\"},{\"@type\":\"Organization\",\"@id\":\"http:\/\/www.herschdurfer-karneval.de\/wpr\/#organization\",\"name\":\"Herschdurfer Karnevalsverein e.V.\",\"alternateName\":\"HKV\",\"url\":\"http:\/\/www.herschdurfer-karneval.de\/wpr\/\",\"logo\":{\"@type\":\"ImageObject\",\"inLanguage\":\"de\",\"@id\":\"http:\/\/www.herschdurfer-karneval.de\/wpr\/#\/schema\/logo\/image\/\",\"url\":\"http:\/\/www.herschdurfer-karneval.de\/wpr\/wp-content\/uploads\/2020\/03\/hkv-logo_800x800_-BonW_noGrad.png\",\"contentUrl\":\"http:\/\/www.herschdurfer-karneval.de\/wpr\/wp-content\/uploads\/2020\/03\/hkv-logo_800x800_-BonW_noGrad.png\",\"width\":800,\"height\":800,\"caption\":\"Herschdurfer Karnevalsverein e.V.\"},\"image\":{\"@id\":\"http:\/\/www.herschdurfer-karneval.de\/wpr\/#\/schema\/logo\/image\/\"},\"sameAs\":[\"https:\/\/www.facebook.com\/HerschdurferKarneval\",\"https:\/\/x.com\/MihedoKarneval\"]},{\"@type\":\"Person\",\"@id\":\"http:\/\/www.herschdurfer-karneval.de\/wpr\/#\/schema\/person\/348195a70aeab304b6d33cad8a97ae1e\",\"name\":\"ccclaus\",\"image\":{\"@type\":\"ImageObject\",\"inLanguage\":\"de\",\"@id\":\"http:\/\/www.herschdurfer-karneval.de\/wpr\/#\/schema\/person\/image\/\",\"url\":\"https:\/\/secure.gravatar.com\/avatar\/bfb0a99cf724a24e26256534f6be6749050c1d32a883222c283c46e52e6586ec?s=96&d=blank&r=g\",\"contentUrl\":\"https:\/\/secure.gravatar.com\/avatar\/bfb0a99cf724a24e26256534f6be6749050c1d32a883222c283c46e52e6586ec?s=96&d=blank&r=g\",\"caption\":\"ccclaus\"}}]}<\/script>\n<!-- \/ Yoast SEO plugin. -->","yoast_head_json":{"title":"Der HKV unterwegs - Herschdurfer Karneval","robots":{"index":"index","follow":"follow","max-snippet":"max-snippet:-1","max-image-preview":"max-image-preview:large","max-video-preview":"max-video-preview:-1"},"canonical":"http:\/\/www.herschdurfer-karneval.de\/wpr\/?p=1680","og_locale":"de_DE","og_type":"article","og_title":"Der HKV unterwegs - Herschdurfer Karneval","og_description":"Jetzt, nachdem die aktuelle Saison beendet ist und wir nach dem Abbau der Faschingskulissen mal die F\u00fc\u00dfe hochlegen und verschnaufen k\u00f6nnen, lassen wir die letzten n\u00e4rrischen Tage nochmal Revue passieren. So wie alle Jahre wieder war auch in diesem Jahr der gro\u00dfe Umzug in Schirgiswalde der n\u00e4rrische H\u00f6hepunkt unserer Rundreisen, \u2026 Hier klicken f\u00fcr den vollst\u00e4ndigen Artikel. &rarr;","og_url":"http:\/\/www.herschdurfer-karneval.de\/wpr\/?p=1680","og_site_name":"Herschdurfer Karneval","article_publisher":"https:\/\/www.facebook.com\/HerschdurferKarneval","article_published_time":"2016-02-21T08:10:26+00:00","og_image":[{"url":"http:\/\/www.herschdurfer-karneval.de\/wpr\/wp-content\/uploads\/2016\/02\/umzug_schirgiswalde_2016_520px.jpg","type":"","width":"","height":""}],"author":"ccclaus","twitter_card":"summary_large_image","twitter_creator":"@MihedoKarneval","twitter_site":"@MihedoKarneval","twitter_misc":{"Verfasst von":"ccclaus","Gesch\u00e4tzte Lesezeit":"1\u00a0Minute"},"schema":{"@context":"https:\/\/schema.org","@graph":[{"@type":"Article","@id":"http:\/\/www.herschdurfer-karneval.de\/wpr\/?p=1680#article","isPartOf":{"@id":"http:\/\/www.herschdurfer-karneval.de\/wpr\/?p=1680"},"author":{"name":"ccclaus","@id":"http:\/\/www.herschdurfer-karneval.de\/wpr\/#\/schema\/person\/348195a70aeab304b6d33cad8a97ae1e"},"headline":"Der HKV unterwegs","datePublished":"2016-02-21T08:10:26+00:00","mainEntityOfPage":{"@id":"http:\/\/www.herschdurfer-karneval.de\/wpr\/?p=1680"},"wordCount":174,"commentCount":0,"publisher":{"@id":"http:\/\/www.herschdurfer-karneval.de\/wpr\/#organization"},"image":{"@id":"http:\/\/www.herschdurfer-karneval.de\/wpr\/?p=1680#primaryimage"},"thumbnailUrl":"http:\/\/www.herschdurfer-karneval.de\/wpr\/wp-content\/uploads\/2016\/02\/umzug_schirgiswalde_2016_520px.jpg","keywords":["2016","Karneval","Oberlausitz","Schirgiswalde","Umzug"],"articleSection":["R\u00fcckblick"],"inLanguage":"de","potentialAction":[{"@type":"CommentAction","name":"Comment","target":["http:\/\/www.herschdurfer-karneval.de\/wpr\/?p=1680#respond"]}]},{"@type":"WebPage","@id":"http:\/\/www.herschdurfer-karneval.de\/wpr\/?p=1680","url":"http:\/\/www.herschdurfer-karneval.de\/wpr\/?p=1680","name":"Der HKV unterwegs - Herschdurfer Karneval","isPartOf":{"@id":"http:\/\/www.herschdurfer-karneval.de\/wpr\/#website"},"primaryImageOfPage":{"@id":"http:\/\/www.herschdurfer-karneval.de\/wpr\/?p=1680#primaryimage"},"image":{"@id":"http:\/\/www.herschdurfer-karneval.de\/wpr\/?p=1680#primaryimage"},"thumbnailUrl":"http:\/\/www.herschdurfer-karneval.de\/wpr\/wp-content\/uploads\/2016\/02\/umzug_schirgiswalde_2016_520px.jpg","datePublished":"2016-02-21T08:10:26+00:00","breadcrumb":{"@id":"http:\/\/www.herschdurfer-karneval.de\/wpr\/?p=1680#breadcrumb"},"inLanguage":"de","potentialAction":[{"@type":"ReadAction","target":["http:\/\/www.herschdurfer-karneval.de\/wpr\/?p=1680"]}]},{"@type":"ImageObject","inLanguage":"de","@id":"http:\/\/www.herschdurfer-karneval.de\/wpr\/?p=1680#primaryimage","url":"http:\/\/www.herschdurfer-karneval.de\/wpr\/wp-content\/uploads\/2016\/02\/umzug_schirgiswalde_2016_520px.jpg","contentUrl":"http:\/\/www.herschdurfer-karneval.de\/wpr\/wp-content\/uploads\/2016\/02\/umzug_schirgiswalde_2016_520px.jpg","width":530,"height":298},{"@type":"BreadcrumbList","@id":"http:\/\/www.herschdurfer-karneval.de\/wpr\/?p=1680#breadcrumb","itemListElement":[{"@type":"ListItem","position":1,"name":"Startseite","item":"http:\/\/www.herschdurfer-karneval.de\/wpr"},{"@type":"ListItem","position":2,"name":"Der HKV unterwegs"}]},{"@type":"WebSite","@id":"http:\/\/www.herschdurfer-karneval.de\/wpr\/#website","url":"http:\/\/www.herschdurfer-karneval.de\/wpr\/","name":"Herschdurfer Karneval","description":"Die Webpr\u00e4senz des Mittelherwigsdorfer Karnevalsvereins.","publisher":{"@id":"http:\/\/www.herschdurfer-karneval.de\/wpr\/#organization"},"potentialAction":[{"@type":"SearchAction","target":{"@type":"EntryPoint","urlTemplate":"http:\/\/www.herschdurfer-karneval.de\/wpr\/?s={search_term_string}"},"query-input":{"@type":"PropertyValueSpecification","valueRequired":true,"valueName":"search_term_string"}}],"inLanguage":"de"},{"@type":"Organization","@id":"http:\/\/www.herschdurfer-karneval.de\/wpr\/#organization","name":"Herschdurfer Karnevalsverein e.V.","alternateName":"HKV","url":"http:\/\/www.herschdurfer-karneval.de\/wpr\/","logo":{"@type":"ImageObject","inLanguage":"de","@id":"http:\/\/www.herschdurfer-karneval.de\/wpr\/#\/schema\/logo\/image\/","url":"http:\/\/www.herschdurfer-karneval.de\/wpr\/wp-content\/uploads\/2020\/03\/hkv-logo_800x800_-BonW_noGrad.png","contentUrl":"http:\/\/www.herschdurfer-karneval.de\/wpr\/wp-content\/uploads\/2020\/03\/hkv-logo_800x800_-BonW_noGrad.png","width":800,"height":800,"caption":"Herschdurfer Karnevalsverein e.V."},"image":{"@id":"http:\/\/www.herschdurfer-karneval.de\/wpr\/#\/schema\/logo\/image\/"},"sameAs":["https:\/\/www.facebook.com\/HerschdurferKarneval","https:\/\/x.com\/MihedoKarneval"]},{"@type":"Person","@id":"http:\/\/www.herschdurfer-karneval.de\/wpr\/#\/schema\/person\/348195a70aeab304b6d33cad8a97ae1e","name":"ccclaus","image":{"@type":"ImageObject","inLanguage":"de","@id":"http:\/\/www.herschdurfer-karneval.de\/wpr\/#\/schema\/person\/image\/","url":"https:\/\/secure.gravatar.com\/avatar\/bfb0a99cf724a24e26256534f6be6749050c1d32a883222c283c46e52e6586ec?s=96&d=blank&r=g","contentUrl":"https:\/\/secure.gravatar.com\/avatar\/bfb0a99cf724a24e26256534f6be6749050c1d32a883222c283c46e52e6586ec?s=96&d=blank&r=g","caption":"ccclaus"}}]}},"_links":{"self":[{"href":"http:\/\/www.herschdurfer-karneval.de\/wpr\/index.php?rest_route=\/wp\/v2\/posts\/1680","targetHints":{"allow":["GET"]}}],"collection":[{"href":"http:\/\/www.herschdurfer-karneval.de\/wpr\/index.php?rest_route=\/wp\/v2\/posts"}],"about":[{"href":"http:\/\/www.herschdurfer-karneval.de\/wpr\/index.php?rest_route=\/wp\/v2\/types\/post"}],"author":[{"embeddable":true,"href":"http:\/\/www.herschdurfer-karneval.de\/wpr\/index.php?rest_route=\/wp\/v2\/users\/1"}],"replies":[{"embeddable":true,"href":"http:\/\/www.herschdurfer-karneval.de\/wpr\/index.php?rest_route=%2Fwp%2Fv2%2Fcomments&post=1680"}],"version-history":[{"count":0,"href":"http:\/\/www.herschdurfer-karneval.de\/wpr\/index.php?rest_route=\/wp\/v2\/posts\/1680\/revisions"}],"wp:attachment":[{"href":"http:\/\/www.herschdurfer-karneval.de\/wpr\/index.php?rest_route=%2Fwp%2Fv2%2Fmedia&parent=1680"}],"wp:term":[{"taxonomy":"category","embeddable":true,"href":"http:\/\/www.herschdurfer-karneval.de\/wpr\/index.php?rest_route=%2Fwp%2Fv2%2Fcategories&post=1680"},{"taxonomy":"post_tag","embeddable":true,"href":"http:\/\/www.herschdurfer-karneval.de\/wpr\/index.php?rest_route=%2Fwp%2Fv2%2Ftags&post=1680"}],"curies":[{"name":"wp","href":"https:\/\/api.w.org\/{rel}","templated":true}]}}