{"id":1861,"date":"2016-11-12T11:53:54","date_gmt":"2016-11-12T09:53:54","guid":{"rendered":"http:\/\/www.herschdurfer-karneval.de\/?p=1861"},"modified":"2016-11-16T13:32:25","modified_gmt":"2016-11-16T12:32:25","slug":"auf-gehts","status":"publish","type":"post","link":"http:\/\/www.herschdurfer-karneval.de\/wpr\/?p=1861","title":{"rendered":"Auf gehts!"},"content":{"rendered":"<p>Guten Morgen Herschdurf! Gestern abend wurde das Geheimnis um das Motto der aktuellen Herschdurfer Faschingssaison gel\u00fcftet. Es lautet:<\/p>\n<h2>Wir haben die Kosaken im Nacken!<\/h2>\n<p>Folgende illustre Veranstaltungen haben wir f\u00fcr 2017 in unserem Terminkalender stehen:<\/p>\n<ul>\n<li><strong>18.02.<\/strong>: \u201eJeder Mann im Kreml braucht &#8217;ne Semmel\u201c &#8211; Nachtw\u00e4scheball<\/li>\n<li><strong>19.02.<\/strong>: \u201eBurattino rockt den Roten Platz\u201c &#8211; Kinderfasching<\/li>\n<li><strong>25.02.<\/strong>: \u201eMoskau ist &#8217;ne Wahnsinns Halligalli-Stadt\u201c &#8211; Livemusiknacht mit Midirock<\/li>\n<li><strong>04.03.<\/strong>: \u201e\u041a\u043e\u043d\u0435\u0446 &#8211; Der Wodka ist aus, wir gehen nach Haus\u201c &#8211; Lumpenauskehrball<\/li>\n<\/ul>\n<p>Unabh\u00e4ngig von der kommenden Wetterlage werden wir uns in den n\u00e4chsten Tagen <a href=\"http:\/\/www.mittelherwigsdorf.de\/139\/kinderhaus-maerchenland.html\" target=\"_blank\">dem Kinderhaus &#8222;M\u00e4rchenland&#8220;<\/a> zuliebe mit dem &#8222;Schneemannbau f\u00fcr Fortgeschrittene&#8220; befassen. Dabei sollte auch akuter Schneemangel ins Kalk\u00fcl gezogen werden. Wer gerne wissen m\u00f6chte, welche Geschichte hier dahintersteckt, sei auf den <a href=\"http:\/\/www.sz-online.de\/nachrichten\/mittelherwigsdorf-istnun-fest-in-narrenhand-3539365.html\" target=\"_blank\">Artikel der heutigen S\u00e4chsischen Zeitung<\/a> verwiesen (hierf\u00fcr ist ein Abo notwendig; im Notfall bitte auf die Totholzvariante der SZ zur\u00fcckgreifen). Wir bringen die Aufl\u00f6sung nat\u00fcrlich auch hier, allerdings ein wenig sp\u00e4ter&#8230;<\/p>\n<p><a href=\"http:\/\/www.herschdurfer-karneval.de\/wpr\/wp-content\/uploads\/2016\/10\/kalender_2017.jpg\"><img loading=\"lazy\" decoding=\"async\" class=\"size-full wp-image-1854 aligncenter\" title=\"kalender_2017_520px\" src=\"http:\/\/www.herschdurfer-karneval.de\/wpr\/wp-content\/uploads\/2016\/10\/kalender_2017_520px.jpg\" alt=\"kalender_2017_520px\" width=\"520\" height=\"347\" srcset=\"http:\/\/www.herschdurfer-karneval.de\/wpr\/wp-content\/uploads\/2016\/10\/kalender_2017_520px.jpg 520w, http:\/\/www.herschdurfer-karneval.de\/wpr\/wp-content\/uploads\/2016\/10\/kalender_2017_520px-300x200.jpg 300w\" sizes=\"auto, (max-width: 520px) 100vw, 520px\" \/><\/a><\/p>\n","protected":false},"excerpt":{"rendered":"<p>Guten Morgen Herschdurf! Gestern abend wurde das Geheimnis um das Motto der aktuellen Herschdurfer Faschingssaison gel\u00fcftet. Es lautet: Wir haben die Kosaken im Nacken! Folgende illustre Veranstaltungen haben wir f\u00fcr 2017 in unserem Terminkalender stehen: 18.02.: \u201eJeder Mann im Kreml braucht &#8217;ne Semmel\u201c &#8211; Nachtw\u00e4scheball 19.02.: \u201eBurattino rockt den Roten \u2026 <a class=\"continue-reading-link\" href=\"http:\/\/www.herschdurfer-karneval.de\/wpr\/?p=1861\">Hier klicken f\u00fcr den vollst\u00e4ndigen Artikel. <span class=\"meta-nav\">&rarr; <\/span><\/a><\/p>\n","protected":false},"author":1,"featured_media":0,"comment_status":"open","ping_status":"closed","sticky":false,"template":"","format":"standard","meta":{"footnotes":""},"categories":[2],"tags":[],"class_list":["post-1861","post","type-post","status-publish","format-standard","hentry","category-aktuelles"],"yoast_head":"<!-- This site is optimized with the Yoast SEO plugin v26.7 - https:\/\/yoast.com\/wordpress\/plugins\/seo\/ -->\n<title>Auf gehts! - Herschdurfer Karneval<\/title>\n<meta name=\"robots\" content=\"index, follow, max-snippet:-1, max-image-preview:large, max-video-preview:-1\" \/>\n<link rel=\"canonical\" href=\"http:\/\/www.herschdurfer-karneval.de\/wpr\/?p=1861\" \/>\n<meta property=\"og:locale\" content=\"de_DE\" \/>\n<meta property=\"og:type\" content=\"article\" \/>\n<meta property=\"og:title\" content=\"Auf gehts! - Herschdurfer Karneval\" \/>\n<meta property=\"og:description\" content=\"Guten Morgen Herschdurf! Gestern abend wurde das Geheimnis um das Motto der aktuellen Herschdurfer Faschingssaison gel\u00fcftet. Es lautet: Wir haben die Kosaken im Nacken! Folgende illustre Veranstaltungen haben wir f\u00fcr 2017 in unserem Terminkalender stehen: 18.02.: \u201eJeder Mann im Kreml braucht &#8217;ne Semmel\u201c &#8211; Nachtw\u00e4scheball 19.02.: \u201eBurattino rockt den Roten \u2026 Hier klicken f\u00fcr den vollst\u00e4ndigen Artikel. &rarr;\" \/>\n<meta property=\"og:url\" content=\"http:\/\/www.herschdurfer-karneval.de\/wpr\/?p=1861\" \/>\n<meta property=\"og:site_name\" content=\"Herschdurfer Karneval\" \/>\n<meta property=\"article:publisher\" content=\"https:\/\/www.facebook.com\/HerschdurferKarneval\" \/>\n<meta property=\"article:published_time\" content=\"2016-11-12T09:53:54+00:00\" \/>\n<meta property=\"article:modified_time\" content=\"2016-11-16T12:32:25+00:00\" \/>\n<meta property=\"og:image\" content=\"http:\/\/www.herschdurfer-karneval.de\/wpr\/wp-content\/uploads\/2016\/10\/kalender_2017_520px.jpg\" \/>\n<meta name=\"author\" content=\"ccclaus\" \/>\n<meta name=\"twitter:card\" content=\"summary_large_image\" \/>\n<meta name=\"twitter:creator\" content=\"@MihedoKarneval\" \/>\n<meta name=\"twitter:site\" content=\"@MihedoKarneval\" \/>\n<meta name=\"twitter:label1\" content=\"Verfasst von\" \/>\n\t<meta name=\"twitter:data1\" content=\"ccclaus\" \/>\n\t<meta name=\"twitter:label2\" content=\"Gesch\u00e4tzte Lesezeit\" \/>\n\t<meta name=\"twitter:data2\" content=\"1\u00a0Minute\" \/>\n<script type=\"application\/ld+json\" class=\"yoast-schema-graph\">{\"@context\":\"https:\/\/schema.org\",\"@graph\":[{\"@type\":\"Article\",\"@id\":\"http:\/\/www.herschdurfer-karneval.de\/wpr\/?p=1861#article\",\"isPartOf\":{\"@id\":\"http:\/\/www.herschdurfer-karneval.de\/wpr\/?p=1861\"},\"author\":{\"name\":\"ccclaus\",\"@id\":\"http:\/\/www.herschdurfer-karneval.de\/wpr\/#\/schema\/person\/348195a70aeab304b6d33cad8a97ae1e\"},\"headline\":\"Auf gehts!\",\"datePublished\":\"2016-11-12T09:53:54+00:00\",\"dateModified\":\"2016-11-16T12:32:25+00:00\",\"mainEntityOfPage\":{\"@id\":\"http:\/\/www.herschdurfer-karneval.de\/wpr\/?p=1861\"},\"wordCount\":161,\"commentCount\":0,\"publisher\":{\"@id\":\"http:\/\/www.herschdurfer-karneval.de\/wpr\/#organization\"},\"image\":{\"@id\":\"http:\/\/www.herschdurfer-karneval.de\/wpr\/?p=1861#primaryimage\"},\"thumbnailUrl\":\"http:\/\/www.herschdurfer-karneval.de\/wpr\/wp-content\/uploads\/2016\/10\/kalender_2017_520px.jpg\",\"articleSection\":[\"Aktuelles\"],\"inLanguage\":\"de\",\"potentialAction\":[{\"@type\":\"CommentAction\",\"name\":\"Comment\",\"target\":[\"http:\/\/www.herschdurfer-karneval.de\/wpr\/?p=1861#respond\"]}]},{\"@type\":\"WebPage\",\"@id\":\"http:\/\/www.herschdurfer-karneval.de\/wpr\/?p=1861\",\"url\":\"http:\/\/www.herschdurfer-karneval.de\/wpr\/?p=1861\",\"name\":\"Auf gehts! - Herschdurfer Karneval\",\"isPartOf\":{\"@id\":\"http:\/\/www.herschdurfer-karneval.de\/wpr\/#website\"},\"primaryImageOfPage\":{\"@id\":\"http:\/\/www.herschdurfer-karneval.de\/wpr\/?p=1861#primaryimage\"},\"image\":{\"@id\":\"http:\/\/www.herschdurfer-karneval.de\/wpr\/?p=1861#primaryimage\"},\"thumbnailUrl\":\"http:\/\/www.herschdurfer-karneval.de\/wpr\/wp-content\/uploads\/2016\/10\/kalender_2017_520px.jpg\",\"datePublished\":\"2016-11-12T09:53:54+00:00\",\"dateModified\":\"2016-11-16T12:32:25+00:00\",\"breadcrumb\":{\"@id\":\"http:\/\/www.herschdurfer-karneval.de\/wpr\/?p=1861#breadcrumb\"},\"inLanguage\":\"de\",\"potentialAction\":[{\"@type\":\"ReadAction\",\"target\":[\"http:\/\/www.herschdurfer-karneval.de\/wpr\/?p=1861\"]}]},{\"@type\":\"ImageObject\",\"inLanguage\":\"de\",\"@id\":\"http:\/\/www.herschdurfer-karneval.de\/wpr\/?p=1861#primaryimage\",\"url\":\"http:\/\/www.herschdurfer-karneval.de\/wpr\/wp-content\/uploads\/2016\/10\/kalender_2017_520px.jpg\",\"contentUrl\":\"http:\/\/www.herschdurfer-karneval.de\/wpr\/wp-content\/uploads\/2016\/10\/kalender_2017_520px.jpg\",\"width\":520,\"height\":347},{\"@type\":\"BreadcrumbList\",\"@id\":\"http:\/\/www.herschdurfer-karneval.de\/wpr\/?p=1861#breadcrumb\",\"itemListElement\":[{\"@type\":\"ListItem\",\"position\":1,\"name\":\"Startseite\",\"item\":\"http:\/\/www.herschdurfer-karneval.de\/wpr\"},{\"@type\":\"ListItem\",\"position\":2,\"name\":\"Auf gehts!\"}]},{\"@type\":\"WebSite\",\"@id\":\"http:\/\/www.herschdurfer-karneval.de\/wpr\/#website\",\"url\":\"http:\/\/www.herschdurfer-karneval.de\/wpr\/\",\"name\":\"Herschdurfer Karneval\",\"description\":\"Die Webpr\u00e4senz des Mittelherwigsdorfer Karnevalsvereins.\",\"publisher\":{\"@id\":\"http:\/\/www.herschdurfer-karneval.de\/wpr\/#organization\"},\"potentialAction\":[{\"@type\":\"SearchAction\",\"target\":{\"@type\":\"EntryPoint\",\"urlTemplate\":\"http:\/\/www.herschdurfer-karneval.de\/wpr\/?s={search_term_string}\"},\"query-input\":{\"@type\":\"PropertyValueSpecification\",\"valueRequired\":true,\"valueName\":\"search_term_string\"}}],\"inLanguage\":\"de\"},{\"@type\":\"Organization\",\"@id\":\"http:\/\/www.herschdurfer-karneval.de\/wpr\/#organization\",\"name\":\"Herschdurfer Karnevalsverein e.V.\",\"alternateName\":\"HKV\",\"url\":\"http:\/\/www.herschdurfer-karneval.de\/wpr\/\",\"logo\":{\"@type\":\"ImageObject\",\"inLanguage\":\"de\",\"@id\":\"http:\/\/www.herschdurfer-karneval.de\/wpr\/#\/schema\/logo\/image\/\",\"url\":\"http:\/\/www.herschdurfer-karneval.de\/wpr\/wp-content\/uploads\/2020\/03\/hkv-logo_800x800_-BonW_noGrad.png\",\"contentUrl\":\"http:\/\/www.herschdurfer-karneval.de\/wpr\/wp-content\/uploads\/2020\/03\/hkv-logo_800x800_-BonW_noGrad.png\",\"width\":800,\"height\":800,\"caption\":\"Herschdurfer Karnevalsverein e.V.\"},\"image\":{\"@id\":\"http:\/\/www.herschdurfer-karneval.de\/wpr\/#\/schema\/logo\/image\/\"},\"sameAs\":[\"https:\/\/www.facebook.com\/HerschdurferKarneval\",\"https:\/\/x.com\/MihedoKarneval\"]},{\"@type\":\"Person\",\"@id\":\"http:\/\/www.herschdurfer-karneval.de\/wpr\/#\/schema\/person\/348195a70aeab304b6d33cad8a97ae1e\",\"name\":\"ccclaus\",\"image\":{\"@type\":\"ImageObject\",\"inLanguage\":\"de\",\"@id\":\"http:\/\/www.herschdurfer-karneval.de\/wpr\/#\/schema\/person\/image\/\",\"url\":\"https:\/\/secure.gravatar.com\/avatar\/bfb0a99cf724a24e26256534f6be6749050c1d32a883222c283c46e52e6586ec?s=96&d=blank&r=g\",\"contentUrl\":\"https:\/\/secure.gravatar.com\/avatar\/bfb0a99cf724a24e26256534f6be6749050c1d32a883222c283c46e52e6586ec?s=96&d=blank&r=g\",\"caption\":\"ccclaus\"}}]}<\/script>\n<!-- \/ Yoast SEO plugin. -->","yoast_head_json":{"title":"Auf gehts! - Herschdurfer Karneval","robots":{"index":"index","follow":"follow","max-snippet":"max-snippet:-1","max-image-preview":"max-image-preview:large","max-video-preview":"max-video-preview:-1"},"canonical":"http:\/\/www.herschdurfer-karneval.de\/wpr\/?p=1861","og_locale":"de_DE","og_type":"article","og_title":"Auf gehts! - Herschdurfer Karneval","og_description":"Guten Morgen Herschdurf! Gestern abend wurde das Geheimnis um das Motto der aktuellen Herschdurfer Faschingssaison gel\u00fcftet. Es lautet: Wir haben die Kosaken im Nacken! Folgende illustre Veranstaltungen haben wir f\u00fcr 2017 in unserem Terminkalender stehen: 18.02.: \u201eJeder Mann im Kreml braucht &#8217;ne Semmel\u201c &#8211; Nachtw\u00e4scheball 19.02.: \u201eBurattino rockt den Roten \u2026 Hier klicken f\u00fcr den vollst\u00e4ndigen Artikel. &rarr;","og_url":"http:\/\/www.herschdurfer-karneval.de\/wpr\/?p=1861","og_site_name":"Herschdurfer Karneval","article_publisher":"https:\/\/www.facebook.com\/HerschdurferKarneval","article_published_time":"2016-11-12T09:53:54+00:00","article_modified_time":"2016-11-16T12:32:25+00:00","og_image":[{"url":"http:\/\/www.herschdurfer-karneval.de\/wpr\/wp-content\/uploads\/2016\/10\/kalender_2017_520px.jpg","type":"","width":"","height":""}],"author":"ccclaus","twitter_card":"summary_large_image","twitter_creator":"@MihedoKarneval","twitter_site":"@MihedoKarneval","twitter_misc":{"Verfasst von":"ccclaus","Gesch\u00e4tzte Lesezeit":"1\u00a0Minute"},"schema":{"@context":"https:\/\/schema.org","@graph":[{"@type":"Article","@id":"http:\/\/www.herschdurfer-karneval.de\/wpr\/?p=1861#article","isPartOf":{"@id":"http:\/\/www.herschdurfer-karneval.de\/wpr\/?p=1861"},"author":{"name":"ccclaus","@id":"http:\/\/www.herschdurfer-karneval.de\/wpr\/#\/schema\/person\/348195a70aeab304b6d33cad8a97ae1e"},"headline":"Auf gehts!","datePublished":"2016-11-12T09:53:54+00:00","dateModified":"2016-11-16T12:32:25+00:00","mainEntityOfPage":{"@id":"http:\/\/www.herschdurfer-karneval.de\/wpr\/?p=1861"},"wordCount":161,"commentCount":0,"publisher":{"@id":"http:\/\/www.herschdurfer-karneval.de\/wpr\/#organization"},"image":{"@id":"http:\/\/www.herschdurfer-karneval.de\/wpr\/?p=1861#primaryimage"},"thumbnailUrl":"http:\/\/www.herschdurfer-karneval.de\/wpr\/wp-content\/uploads\/2016\/10\/kalender_2017_520px.jpg","articleSection":["Aktuelles"],"inLanguage":"de","potentialAction":[{"@type":"CommentAction","name":"Comment","target":["http:\/\/www.herschdurfer-karneval.de\/wpr\/?p=1861#respond"]}]},{"@type":"WebPage","@id":"http:\/\/www.herschdurfer-karneval.de\/wpr\/?p=1861","url":"http:\/\/www.herschdurfer-karneval.de\/wpr\/?p=1861","name":"Auf gehts! - Herschdurfer Karneval","isPartOf":{"@id":"http:\/\/www.herschdurfer-karneval.de\/wpr\/#website"},"primaryImageOfPage":{"@id":"http:\/\/www.herschdurfer-karneval.de\/wpr\/?p=1861#primaryimage"},"image":{"@id":"http:\/\/www.herschdurfer-karneval.de\/wpr\/?p=1861#primaryimage"},"thumbnailUrl":"http:\/\/www.herschdurfer-karneval.de\/wpr\/wp-content\/uploads\/2016\/10\/kalender_2017_520px.jpg","datePublished":"2016-11-12T09:53:54+00:00","dateModified":"2016-11-16T12:32:25+00:00","breadcrumb":{"@id":"http:\/\/www.herschdurfer-karneval.de\/wpr\/?p=1861#breadcrumb"},"inLanguage":"de","potentialAction":[{"@type":"ReadAction","target":["http:\/\/www.herschdurfer-karneval.de\/wpr\/?p=1861"]}]},{"@type":"ImageObject","inLanguage":"de","@id":"http:\/\/www.herschdurfer-karneval.de\/wpr\/?p=1861#primaryimage","url":"http:\/\/www.herschdurfer-karneval.de\/wpr\/wp-content\/uploads\/2016\/10\/kalender_2017_520px.jpg","contentUrl":"http:\/\/www.herschdurfer-karneval.de\/wpr\/wp-content\/uploads\/2016\/10\/kalender_2017_520px.jpg","width":520,"height":347},{"@type":"BreadcrumbList","@id":"http:\/\/www.herschdurfer-karneval.de\/wpr\/?p=1861#breadcrumb","itemListElement":[{"@type":"ListItem","position":1,"name":"Startseite","item":"http:\/\/www.herschdurfer-karneval.de\/wpr"},{"@type":"ListItem","position":2,"name":"Auf gehts!"}]},{"@type":"WebSite","@id":"http:\/\/www.herschdurfer-karneval.de\/wpr\/#website","url":"http:\/\/www.herschdurfer-karneval.de\/wpr\/","name":"Herschdurfer Karneval","description":"Die Webpr\u00e4senz des Mittelherwigsdorfer Karnevalsvereins.","publisher":{"@id":"http:\/\/www.herschdurfer-karneval.de\/wpr\/#organization"},"potentialAction":[{"@type":"SearchAction","target":{"@type":"EntryPoint","urlTemplate":"http:\/\/www.herschdurfer-karneval.de\/wpr\/?s={search_term_string}"},"query-input":{"@type":"PropertyValueSpecification","valueRequired":true,"valueName":"search_term_string"}}],"inLanguage":"de"},{"@type":"Organization","@id":"http:\/\/www.herschdurfer-karneval.de\/wpr\/#organization","name":"Herschdurfer Karnevalsverein e.V.","alternateName":"HKV","url":"http:\/\/www.herschdurfer-karneval.de\/wpr\/","logo":{"@type":"ImageObject","inLanguage":"de","@id":"http:\/\/www.herschdurfer-karneval.de\/wpr\/#\/schema\/logo\/image\/","url":"http:\/\/www.herschdurfer-karneval.de\/wpr\/wp-content\/uploads\/2020\/03\/hkv-logo_800x800_-BonW_noGrad.png","contentUrl":"http:\/\/www.herschdurfer-karneval.de\/wpr\/wp-content\/uploads\/2020\/03\/hkv-logo_800x800_-BonW_noGrad.png","width":800,"height":800,"caption":"Herschdurfer Karnevalsverein e.V."},"image":{"@id":"http:\/\/www.herschdurfer-karneval.de\/wpr\/#\/schema\/logo\/image\/"},"sameAs":["https:\/\/www.facebook.com\/HerschdurferKarneval","https:\/\/x.com\/MihedoKarneval"]},{"@type":"Person","@id":"http:\/\/www.herschdurfer-karneval.de\/wpr\/#\/schema\/person\/348195a70aeab304b6d33cad8a97ae1e","name":"ccclaus","image":{"@type":"ImageObject","inLanguage":"de","@id":"http:\/\/www.herschdurfer-karneval.de\/wpr\/#\/schema\/person\/image\/","url":"https:\/\/secure.gravatar.com\/avatar\/bfb0a99cf724a24e26256534f6be6749050c1d32a883222c283c46e52e6586ec?s=96&d=blank&r=g","contentUrl":"https:\/\/secure.gravatar.com\/avatar\/bfb0a99cf724a24e26256534f6be6749050c1d32a883222c283c46e52e6586ec?s=96&d=blank&r=g","caption":"ccclaus"}}]}},"_links":{"self":[{"href":"http:\/\/www.herschdurfer-karneval.de\/wpr\/index.php?rest_route=\/wp\/v2\/posts\/1861","targetHints":{"allow":["GET"]}}],"collection":[{"href":"http:\/\/www.herschdurfer-karneval.de\/wpr\/index.php?rest_route=\/wp\/v2\/posts"}],"about":[{"href":"http:\/\/www.herschdurfer-karneval.de\/wpr\/index.php?rest_route=\/wp\/v2\/types\/post"}],"author":[{"embeddable":true,"href":"http:\/\/www.herschdurfer-karneval.de\/wpr\/index.php?rest_route=\/wp\/v2\/users\/1"}],"replies":[{"embeddable":true,"href":"http:\/\/www.herschdurfer-karneval.de\/wpr\/index.php?rest_route=%2Fwp%2Fv2%2Fcomments&post=1861"}],"version-history":[{"count":3,"href":"http:\/\/www.herschdurfer-karneval.de\/wpr\/index.php?rest_route=\/wp\/v2\/posts\/1861\/revisions"}],"predecessor-version":[{"id":1928,"href":"http:\/\/www.herschdurfer-karneval.de\/wpr\/index.php?rest_route=\/wp\/v2\/posts\/1861\/revisions\/1928"}],"wp:attachment":[{"href":"http:\/\/www.herschdurfer-karneval.de\/wpr\/index.php?rest_route=%2Fwp%2Fv2%2Fmedia&parent=1861"}],"wp:term":[{"taxonomy":"category","embeddable":true,"href":"http:\/\/www.herschdurfer-karneval.de\/wpr\/index.php?rest_route=%2Fwp%2Fv2%2Fcategories&post=1861"},{"taxonomy":"post_tag","embeddable":true,"href":"http:\/\/www.herschdurfer-karneval.de\/wpr\/index.php?rest_route=%2Fwp%2Fv2%2Ftags&post=1861"}],"curies":[{"name":"wp","href":"https:\/\/api.w.org\/{rel}","templated":true}]}}