{"id":2161,"date":"2017-08-19T22:45:45","date_gmt":"2017-08-19T20:45:45","guid":{"rendered":"http:\/\/www.herschdurfer-karneval.de\/wpr\/?p=2161"},"modified":"2017-09-01T21:24:24","modified_gmt":"2017-09-01T19:24:24","slug":"festwoche-750-jahre-oberseifersdorf","status":"publish","type":"post","link":"http:\/\/www.herschdurfer-karneval.de\/wpr\/?p=2161","title":{"rendered":"Festwoche &#8222;750 Jahre Oberseifersdorf&#8220;"},"content":{"rendered":"<p>Heute wollen wir auf eine ganz besondere Veranstaltung aufmerksam machen: Auf die gro\u00dfe Festwoche anl\u00e4\u00dflich des 750j\u00e4hrigen Jubil\u00e4ums des Ortes Oberseifersdorf! Neben dem <a href=\"http:\/\/www.mittelherwigsdorf.de\/fileadmin\/user_upload\/Bilder\/Aktuelles\/plakat750jos.jpg\">offiziellen Flyer zum Fest<\/a> findet ihr hier nachfolgend das vollst\u00e4ndige Programm. Wir w\u00fcnschen viel Vergn\u00fcgen und den Organisatoren und Mitwirkenden maximale Erfolge!<\/p>\n<h2><a href=\"http:\/\/www.herschdurfer-karneval.de\/wpr\/wp-content\/uploads\/2017\/08\/750JahreOSD_Logo.jpg\"><img loading=\"lazy\" decoding=\"async\" class=\"alignnone size-large wp-image-2158\" src=\"http:\/\/www.herschdurfer-karneval.de\/wpr\/wp-content\/uploads\/2017\/08\/750JahreOSD_Logo-800x450.jpg\" alt=\"Das Logo zur Festwoche - 750 Jahre Oberseifersdorf\" width=\"800\" height=\"450\" srcset=\"http:\/\/www.herschdurfer-karneval.de\/wpr\/wp-content\/uploads\/2017\/08\/750JahreOSD_Logo-800x450.jpg 800w, http:\/\/www.herschdurfer-karneval.de\/wpr\/wp-content\/uploads\/2017\/08\/750JahreOSD_Logo-400x225.jpg 400w, http:\/\/www.herschdurfer-karneval.de\/wpr\/wp-content\/uploads\/2017\/08\/750JahreOSD_Logo-768x432.jpg 768w, http:\/\/www.herschdurfer-karneval.de\/wpr\/wp-content\/uploads\/2017\/08\/750JahreOSD_Logo-250x141.jpg 250w, http:\/\/www.herschdurfer-karneval.de\/wpr\/wp-content\/uploads\/2017\/08\/750JahreOSD_Logo-150x84.jpg 150w, http:\/\/www.herschdurfer-karneval.de\/wpr\/wp-content\/uploads\/2017\/08\/750JahreOSD_Logo.jpg 1920w\" sizes=\"auto, (max-width: 800px) 100vw, 800px\" \/><\/a><\/h2>\n<p><!--more--><\/p>\n<h2>Wochenprogramm<\/h2>\n<p><strong>21. August<\/strong><br \/>\n19:30 Uhr: Vortrag von Dr. Brendler in der Kirche: &#8222;Reformation, Kloster St. Marienthal &amp; Klosterdorf Oberseifersdorf&#8220;<\/p>\n<p><strong>22. August<\/strong><br \/>\n19 Uhr: Kirchenkonzert des <a href=\"http:\/\/baeckerchor.eu\/\" target=\"_blank\" rel=\"noopener\">B\u00e4ckerchors Oberseifersdorf-Zittau<\/a><\/p>\n<p><strong>23. August<\/strong><br \/>\n15 und 18 Uhr: Flimmerstunde in der Feldschenke: &#8222;Historische Videoaufnahmen aus Oberseifersdorf&#8220;<\/p>\n<p><strong>24. August<\/strong><br \/>\n19 Uhr: <a href=\"http:\/\/www.siebenkirchen.de\/?p=2164\" target=\"_blank\" rel=\"noopener\">Liederabend &#8222;\u00c4lter wie ein Baum&#8220;<\/a> in der Kirche<\/p>\n<h2>Festwochenende mit traditionellem Adlerschie\u00dfen auf dem Festgel\u00e4nde\/Sportplatz Oberseifersdorf<\/h2>\n<p><strong>25. August<\/strong><br \/>\n19 Uhr:\u00a0 Er\u00f6ffnung mit Salutsch\u00fcssen, Begr\u00fc\u00dfung durch den B\u00fcrgermeister und Festbieranstich<br \/>\n20 Uhr:\u00a0 Fackelumzug durch den Ort mit den <a href=\"http:\/\/www.spielleute-sachsen.de\/index.php?option=com_content&amp;view=article&amp;id=115:regiments-spielmannszug-goerlitz&amp;catid=51:spielmannszuege&amp;Itemid=57\" target=\"_blank\" rel=\"noopener\">1. Garde-Corps der Spielleute zu G\u00f6rlitz <\/a><br \/>\n21 Uhr:\u00a0 Tanz mit den <a href=\"http:\/\/www.nightflyers.de\/\" target=\"_blank\" rel=\"noopener\">Nightflyers<\/a> aus der Partnergemeinde Dischingen, Unterhaltung mit dem Bauernballett Demmingen und dem Faschingsclub Oberseifersdorf<\/p>\n<p><strong>26. August<\/strong><br \/>\n14 Uhr:\u00a0 Adlerschie\u00dfen, Kinderbelustigung, Riesenrad, Technikschau der Freiwilligen Feuerwehr, Oldtimer-Ausstellung, Pr\u00e4sentation des <a href=\"http:\/\/www.fmsc-cirrus.de\/\" target=\"_blank\" rel=\"noopener\">Flugmodell-Sportclubs &#8222;Cirrus&#8220;<\/a><br \/>\n21 Uhr:\u00a0 Konzert mit der Party-Show-Band <a href=\"http:\/\/www.bi-ba.de\/\" target=\"_blank\" rel=\"noopener\">&#8222;Biba &amp; die Butzem\u00e4nner&#8220;<\/a><\/p>\n<p><strong>27. August<\/strong><br \/>\n9.30 Uhr: Gottesdienst in der Kirche mit Posaunenchor<br \/>\n10 Uhr:\u00a0 Fr\u00fchschoppen mit dem Drehorgelspieler St. Neumann<br \/>\n13 Uhr:\u00a0 Gro\u00dfer Festumzug, anschlie\u00dfend Festbetrieb mit Adlerschie\u00dfen, Kinderbelustigung, B\u00e4ndertanz, Akkordeonorchester und viel mehr<br \/>\n16 Uhr:\u00a0 Kaffeekonzert mit der <a href=\"http:\/\/blaskapelle-berthelsdorf.chayns.net\/aboutus\" target=\"_blank\" rel=\"noopener\">Blaskapelle der FFW Bertheldorf<\/a><br \/>\n18 Uhr:\u00a0 Kr\u00f6nung des Sch\u00fctzenk\u00f6nigs, Musik auf R\u00e4dern mit dem <a href=\"http:\/\/www.druckluftorchester.de\/\" target=\"_blank\" rel=\"noopener\">&#8222;Universal Druckluft-Orchester&#8220;<\/a><\/p>\n<p>Mit Einbruch der Dunkelheit endet die Festwoche mit einem gro\u00dfen Feuerwerk. Oberseifersdorf freut sich auf seine G\u00e4ste!<\/p>\n<p><a href=\"http:\/\/www.herschdurfer-karneval.de\/wpr\/wp-content\/uploads\/2017\/08\/750JahreOSD_Plakat.jpg\"><img loading=\"lazy\" decoding=\"async\" class=\"alignnone size-large wp-image-2159\" src=\"http:\/\/www.herschdurfer-karneval.de\/wpr\/wp-content\/uploads\/2017\/08\/750JahreOSD_Plakat-800x566.jpg\" alt=\"Der offizielle Flyer zur Veranstaltung\" width=\"800\" height=\"566\" srcset=\"http:\/\/www.herschdurfer-karneval.de\/wpr\/wp-content\/uploads\/2017\/08\/750JahreOSD_Plakat-800x566.jpg 800w, http:\/\/www.herschdurfer-karneval.de\/wpr\/wp-content\/uploads\/2017\/08\/750JahreOSD_Plakat-400x283.jpg 400w, http:\/\/www.herschdurfer-karneval.de\/wpr\/wp-content\/uploads\/2017\/08\/750JahreOSD_Plakat-768x543.jpg 768w, http:\/\/www.herschdurfer-karneval.de\/wpr\/wp-content\/uploads\/2017\/08\/750JahreOSD_Plakat-212x150.jpg 212w, http:\/\/www.herschdurfer-karneval.de\/wpr\/wp-content\/uploads\/2017\/08\/750JahreOSD_Plakat-150x106.jpg 150w, http:\/\/www.herschdurfer-karneval.de\/wpr\/wp-content\/uploads\/2017\/08\/750JahreOSD_Plakat.jpg 1500w\" sizes=\"auto, (max-width: 800px) 100vw, 800px\" \/><\/a><\/p>\n","protected":false},"excerpt":{"rendered":"<p>Heute wollen wir auf eine ganz besondere Veranstaltung aufmerksam machen: Auf die gro\u00dfe Festwoche anl\u00e4\u00dflich des 750j\u00e4hrigen Jubil\u00e4ums des Ortes Oberseifersdorf! Neben dem offiziellen Flyer zum Fest findet ihr hier nachfolgend das vollst\u00e4ndige Programm. Wir w\u00fcnschen viel Vergn\u00fcgen und den Organisatoren und Mitwirkenden maximale Erfolge!<\/p>\n","protected":false},"author":1,"featured_media":0,"comment_status":"open","ping_status":"open","sticky":false,"template":"","format":"standard","meta":{"footnotes":""},"categories":[1],"tags":[163,197,210,24,212,42,194,208,206,207,209,190,78,86,91,196,185,211,97,204,124,203,213],"class_list":["post-2161","post","type-post","status-publish","format-standard","hentry","category-allgemein","tag-163","tag-adlerschiessen","tag-august","tag-ausstellung","tag-dischingen","tag-festumzug","tag-festwoche","tag-feuerwerk","tag-flugshow","tag-historie","tag-kaffeekonzert","tag-kinderbelustigung","tag-konzert","tag-mittelherwigsdorf","tag-oberlausitz","tag-oberseifersdorf","tag-ortsgeschichte","tag-partnergemeinde","tag-programm","tag-technikschau","tag-tradition","tag-volksfest","tag-zittauer-gebirge"],"yoast_head":"<!-- This site is optimized with the Yoast SEO plugin v26.7 - https:\/\/yoast.com\/wordpress\/plugins\/seo\/ -->\n<title>Festwoche &quot;750 Jahre Oberseifersdorf&quot; - Herschdurfer Karneval<\/title>\n<meta name=\"description\" content=\"Alle Informationen zur gro\u00dfen Festwoche anl\u00e4\u00dflich des 750j\u00e4hrigen Jubil\u00e4ums von Oberseifersdorf, einschlie\u00dflich dem traditionellen Adlerschie\u00dfen.\" \/>\n<meta name=\"robots\" content=\"index, follow, max-snippet:-1, max-image-preview:large, max-video-preview:-1\" \/>\n<link rel=\"canonical\" href=\"http:\/\/www.herschdurfer-karneval.de\/wpr\/?p=2161\" \/>\n<meta property=\"og:locale\" content=\"de_DE\" \/>\n<meta property=\"og:type\" content=\"article\" \/>\n<meta property=\"og:title\" content=\"Festwoche &quot;750 Jahre Oberseifersdorf&quot; - Herschdurfer Karneval\" \/>\n<meta property=\"og:description\" content=\"Alle Informationen zur gro\u00dfen Festwoche anl\u00e4\u00dflich des 750j\u00e4hrigen Jubil\u00e4ums von Oberseifersdorf, einschlie\u00dflich dem traditionellen Adlerschie\u00dfen.\" \/>\n<meta property=\"og:url\" content=\"http:\/\/www.herschdurfer-karneval.de\/wpr\/?p=2161\" \/>\n<meta property=\"og:site_name\" content=\"Herschdurfer Karneval\" \/>\n<meta property=\"article:publisher\" content=\"https:\/\/www.facebook.com\/HerschdurferKarneval\" \/>\n<meta property=\"article:published_time\" content=\"2017-08-19T20:45:45+00:00\" \/>\n<meta property=\"article:modified_time\" content=\"2017-09-01T19:24:24+00:00\" \/>\n<meta property=\"og:image\" content=\"http:\/\/www.herschdurfer-karneval.de\/wpr\/wp-content\/uploads\/2017\/08\/750JahreOSD_Logo-800x450.jpg\" \/>\n<meta name=\"author\" content=\"ccclaus\" \/>\n<meta name=\"twitter:card\" content=\"summary_large_image\" \/>\n<meta name=\"twitter:creator\" content=\"@MihedoKarneval\" \/>\n<meta name=\"twitter:site\" content=\"@MihedoKarneval\" \/>\n<meta name=\"twitter:label1\" content=\"Verfasst von\" \/>\n\t<meta name=\"twitter:data1\" content=\"ccclaus\" \/>\n\t<meta name=\"twitter:label2\" content=\"Gesch\u00e4tzte Lesezeit\" \/>\n\t<meta name=\"twitter:data2\" content=\"1\u00a0Minute\" \/>\n<script type=\"application\/ld+json\" class=\"yoast-schema-graph\">{\"@context\":\"https:\/\/schema.org\",\"@graph\":[{\"@type\":\"Article\",\"@id\":\"http:\/\/www.herschdurfer-karneval.de\/wpr\/?p=2161#article\",\"isPartOf\":{\"@id\":\"http:\/\/www.herschdurfer-karneval.de\/wpr\/?p=2161\"},\"author\":{\"name\":\"ccclaus\",\"@id\":\"http:\/\/www.herschdurfer-karneval.de\/wpr\/#\/schema\/person\/348195a70aeab304b6d33cad8a97ae1e\"},\"headline\":\"Festwoche &#8222;750 Jahre Oberseifersdorf&#8220;\",\"datePublished\":\"2017-08-19T20:45:45+00:00\",\"dateModified\":\"2017-09-01T19:24:24+00:00\",\"mainEntityOfPage\":{\"@id\":\"http:\/\/www.herschdurfer-karneval.de\/wpr\/?p=2161\"},\"wordCount\":258,\"commentCount\":0,\"publisher\":{\"@id\":\"http:\/\/www.herschdurfer-karneval.de\/wpr\/#organization\"},\"image\":{\"@id\":\"http:\/\/www.herschdurfer-karneval.de\/wpr\/?p=2161#primaryimage\"},\"thumbnailUrl\":\"http:\/\/www.herschdurfer-karneval.de\/wpr\/wp-content\/uploads\/2017\/08\/750JahreOSD_Logo-800x450.jpg\",\"keywords\":[\"2017\",\"Adlerschie\u00dfen\",\"August\",\"Ausstellung\",\"Dischingen\",\"Festumzug\",\"Festwoche\",\"Feuerwerk\",\"Flugshow\",\"Historie\",\"Kaffeekonzert\",\"Kinderbelustigung\",\"Konzert\",\"Mittelherwigsdorf\",\"Oberlausitz\",\"Oberseifersdorf\",\"Ortsgeschichte\",\"Partnergemeinde\",\"Programm\",\"Technikschau\",\"Tradition\",\"Volksfest\",\"Zittauer Gebirge\"],\"inLanguage\":\"de\",\"potentialAction\":[{\"@type\":\"CommentAction\",\"name\":\"Comment\",\"target\":[\"http:\/\/www.herschdurfer-karneval.de\/wpr\/?p=2161#respond\"]}]},{\"@type\":\"WebPage\",\"@id\":\"http:\/\/www.herschdurfer-karneval.de\/wpr\/?p=2161\",\"url\":\"http:\/\/www.herschdurfer-karneval.de\/wpr\/?p=2161\",\"name\":\"Festwoche \\\"750 Jahre Oberseifersdorf\\\" - Herschdurfer Karneval\",\"isPartOf\":{\"@id\":\"http:\/\/www.herschdurfer-karneval.de\/wpr\/#website\"},\"primaryImageOfPage\":{\"@id\":\"http:\/\/www.herschdurfer-karneval.de\/wpr\/?p=2161#primaryimage\"},\"image\":{\"@id\":\"http:\/\/www.herschdurfer-karneval.de\/wpr\/?p=2161#primaryimage\"},\"thumbnailUrl\":\"http:\/\/www.herschdurfer-karneval.de\/wpr\/wp-content\/uploads\/2017\/08\/750JahreOSD_Logo-800x450.jpg\",\"datePublished\":\"2017-08-19T20:45:45+00:00\",\"dateModified\":\"2017-09-01T19:24:24+00:00\",\"description\":\"Alle Informationen zur gro\u00dfen Festwoche anl\u00e4\u00dflich des 750j\u00e4hrigen Jubil\u00e4ums von Oberseifersdorf, einschlie\u00dflich dem traditionellen Adlerschie\u00dfen.\",\"breadcrumb\":{\"@id\":\"http:\/\/www.herschdurfer-karneval.de\/wpr\/?p=2161#breadcrumb\"},\"inLanguage\":\"de\",\"potentialAction\":[{\"@type\":\"ReadAction\",\"target\":[\"http:\/\/www.herschdurfer-karneval.de\/wpr\/?p=2161\"]}]},{\"@type\":\"ImageObject\",\"inLanguage\":\"de\",\"@id\":\"http:\/\/www.herschdurfer-karneval.de\/wpr\/?p=2161#primaryimage\",\"url\":\"http:\/\/www.herschdurfer-karneval.de\/wpr\/wp-content\/uploads\/2017\/08\/750JahreOSD_Logo.jpg\",\"contentUrl\":\"http:\/\/www.herschdurfer-karneval.de\/wpr\/wp-content\/uploads\/2017\/08\/750JahreOSD_Logo.jpg\",\"width\":1920,\"height\":1080},{\"@type\":\"BreadcrumbList\",\"@id\":\"http:\/\/www.herschdurfer-karneval.de\/wpr\/?p=2161#breadcrumb\",\"itemListElement\":[{\"@type\":\"ListItem\",\"position\":1,\"name\":\"Startseite\",\"item\":\"http:\/\/www.herschdurfer-karneval.de\/wpr\"},{\"@type\":\"ListItem\",\"position\":2,\"name\":\"Festwoche &#8222;750 Jahre Oberseifersdorf&#8220;\"}]},{\"@type\":\"WebSite\",\"@id\":\"http:\/\/www.herschdurfer-karneval.de\/wpr\/#website\",\"url\":\"http:\/\/www.herschdurfer-karneval.de\/wpr\/\",\"name\":\"Herschdurfer Karneval\",\"description\":\"Die Webpr\u00e4senz des Mittelherwigsdorfer Karnevalsvereins.\",\"publisher\":{\"@id\":\"http:\/\/www.herschdurfer-karneval.de\/wpr\/#organization\"},\"potentialAction\":[{\"@type\":\"SearchAction\",\"target\":{\"@type\":\"EntryPoint\",\"urlTemplate\":\"http:\/\/www.herschdurfer-karneval.de\/wpr\/?s={search_term_string}\"},\"query-input\":{\"@type\":\"PropertyValueSpecification\",\"valueRequired\":true,\"valueName\":\"search_term_string\"}}],\"inLanguage\":\"de\"},{\"@type\":\"Organization\",\"@id\":\"http:\/\/www.herschdurfer-karneval.de\/wpr\/#organization\",\"name\":\"Herschdurfer Karnevalsverein e.V.\",\"alternateName\":\"HKV\",\"url\":\"http:\/\/www.herschdurfer-karneval.de\/wpr\/\",\"logo\":{\"@type\":\"ImageObject\",\"inLanguage\":\"de\",\"@id\":\"http:\/\/www.herschdurfer-karneval.de\/wpr\/#\/schema\/logo\/image\/\",\"url\":\"http:\/\/www.herschdurfer-karneval.de\/wpr\/wp-content\/uploads\/2020\/03\/hkv-logo_800x800_-BonW_noGrad.png\",\"contentUrl\":\"http:\/\/www.herschdurfer-karneval.de\/wpr\/wp-content\/uploads\/2020\/03\/hkv-logo_800x800_-BonW_noGrad.png\",\"width\":800,\"height\":800,\"caption\":\"Herschdurfer Karnevalsverein e.V.\"},\"image\":{\"@id\":\"http:\/\/www.herschdurfer-karneval.de\/wpr\/#\/schema\/logo\/image\/\"},\"sameAs\":[\"https:\/\/www.facebook.com\/HerschdurferKarneval\",\"https:\/\/x.com\/MihedoKarneval\"]},{\"@type\":\"Person\",\"@id\":\"http:\/\/www.herschdurfer-karneval.de\/wpr\/#\/schema\/person\/348195a70aeab304b6d33cad8a97ae1e\",\"name\":\"ccclaus\",\"image\":{\"@type\":\"ImageObject\",\"inLanguage\":\"de\",\"@id\":\"http:\/\/www.herschdurfer-karneval.de\/wpr\/#\/schema\/person\/image\/\",\"url\":\"https:\/\/secure.gravatar.com\/avatar\/bfb0a99cf724a24e26256534f6be6749050c1d32a883222c283c46e52e6586ec?s=96&d=blank&r=g\",\"contentUrl\":\"https:\/\/secure.gravatar.com\/avatar\/bfb0a99cf724a24e26256534f6be6749050c1d32a883222c283c46e52e6586ec?s=96&d=blank&r=g\",\"caption\":\"ccclaus\"}}]}<\/script>\n<!-- \/ Yoast SEO plugin. -->","yoast_head_json":{"title":"Festwoche \"750 Jahre Oberseifersdorf\" - Herschdurfer Karneval","description":"Alle Informationen zur gro\u00dfen Festwoche anl\u00e4\u00dflich des 750j\u00e4hrigen Jubil\u00e4ums von Oberseifersdorf, einschlie\u00dflich dem traditionellen Adlerschie\u00dfen.","robots":{"index":"index","follow":"follow","max-snippet":"max-snippet:-1","max-image-preview":"max-image-preview:large","max-video-preview":"max-video-preview:-1"},"canonical":"http:\/\/www.herschdurfer-karneval.de\/wpr\/?p=2161","og_locale":"de_DE","og_type":"article","og_title":"Festwoche \"750 Jahre Oberseifersdorf\" - Herschdurfer Karneval","og_description":"Alle Informationen zur gro\u00dfen Festwoche anl\u00e4\u00dflich des 750j\u00e4hrigen Jubil\u00e4ums von Oberseifersdorf, einschlie\u00dflich dem traditionellen Adlerschie\u00dfen.","og_url":"http:\/\/www.herschdurfer-karneval.de\/wpr\/?p=2161","og_site_name":"Herschdurfer Karneval","article_publisher":"https:\/\/www.facebook.com\/HerschdurferKarneval","article_published_time":"2017-08-19T20:45:45+00:00","article_modified_time":"2017-09-01T19:24:24+00:00","og_image":[{"url":"http:\/\/www.herschdurfer-karneval.de\/wpr\/wp-content\/uploads\/2017\/08\/750JahreOSD_Logo-800x450.jpg","type":"","width":"","height":""}],"author":"ccclaus","twitter_card":"summary_large_image","twitter_creator":"@MihedoKarneval","twitter_site":"@MihedoKarneval","twitter_misc":{"Verfasst von":"ccclaus","Gesch\u00e4tzte Lesezeit":"1\u00a0Minute"},"schema":{"@context":"https:\/\/schema.org","@graph":[{"@type":"Article","@id":"http:\/\/www.herschdurfer-karneval.de\/wpr\/?p=2161#article","isPartOf":{"@id":"http:\/\/www.herschdurfer-karneval.de\/wpr\/?p=2161"},"author":{"name":"ccclaus","@id":"http:\/\/www.herschdurfer-karneval.de\/wpr\/#\/schema\/person\/348195a70aeab304b6d33cad8a97ae1e"},"headline":"Festwoche &#8222;750 Jahre Oberseifersdorf&#8220;","datePublished":"2017-08-19T20:45:45+00:00","dateModified":"2017-09-01T19:24:24+00:00","mainEntityOfPage":{"@id":"http:\/\/www.herschdurfer-karneval.de\/wpr\/?p=2161"},"wordCount":258,"commentCount":0,"publisher":{"@id":"http:\/\/www.herschdurfer-karneval.de\/wpr\/#organization"},"image":{"@id":"http:\/\/www.herschdurfer-karneval.de\/wpr\/?p=2161#primaryimage"},"thumbnailUrl":"http:\/\/www.herschdurfer-karneval.de\/wpr\/wp-content\/uploads\/2017\/08\/750JahreOSD_Logo-800x450.jpg","keywords":["2017","Adlerschie\u00dfen","August","Ausstellung","Dischingen","Festumzug","Festwoche","Feuerwerk","Flugshow","Historie","Kaffeekonzert","Kinderbelustigung","Konzert","Mittelherwigsdorf","Oberlausitz","Oberseifersdorf","Ortsgeschichte","Partnergemeinde","Programm","Technikschau","Tradition","Volksfest","Zittauer Gebirge"],"inLanguage":"de","potentialAction":[{"@type":"CommentAction","name":"Comment","target":["http:\/\/www.herschdurfer-karneval.de\/wpr\/?p=2161#respond"]}]},{"@type":"WebPage","@id":"http:\/\/www.herschdurfer-karneval.de\/wpr\/?p=2161","url":"http:\/\/www.herschdurfer-karneval.de\/wpr\/?p=2161","name":"Festwoche \"750 Jahre Oberseifersdorf\" - Herschdurfer Karneval","isPartOf":{"@id":"http:\/\/www.herschdurfer-karneval.de\/wpr\/#website"},"primaryImageOfPage":{"@id":"http:\/\/www.herschdurfer-karneval.de\/wpr\/?p=2161#primaryimage"},"image":{"@id":"http:\/\/www.herschdurfer-karneval.de\/wpr\/?p=2161#primaryimage"},"thumbnailUrl":"http:\/\/www.herschdurfer-karneval.de\/wpr\/wp-content\/uploads\/2017\/08\/750JahreOSD_Logo-800x450.jpg","datePublished":"2017-08-19T20:45:45+00:00","dateModified":"2017-09-01T19:24:24+00:00","description":"Alle Informationen zur gro\u00dfen Festwoche anl\u00e4\u00dflich des 750j\u00e4hrigen Jubil\u00e4ums von Oberseifersdorf, einschlie\u00dflich dem traditionellen Adlerschie\u00dfen.","breadcrumb":{"@id":"http:\/\/www.herschdurfer-karneval.de\/wpr\/?p=2161#breadcrumb"},"inLanguage":"de","potentialAction":[{"@type":"ReadAction","target":["http:\/\/www.herschdurfer-karneval.de\/wpr\/?p=2161"]}]},{"@type":"ImageObject","inLanguage":"de","@id":"http:\/\/www.herschdurfer-karneval.de\/wpr\/?p=2161#primaryimage","url":"http:\/\/www.herschdurfer-karneval.de\/wpr\/wp-content\/uploads\/2017\/08\/750JahreOSD_Logo.jpg","contentUrl":"http:\/\/www.herschdurfer-karneval.de\/wpr\/wp-content\/uploads\/2017\/08\/750JahreOSD_Logo.jpg","width":1920,"height":1080},{"@type":"BreadcrumbList","@id":"http:\/\/www.herschdurfer-karneval.de\/wpr\/?p=2161#breadcrumb","itemListElement":[{"@type":"ListItem","position":1,"name":"Startseite","item":"http:\/\/www.herschdurfer-karneval.de\/wpr"},{"@type":"ListItem","position":2,"name":"Festwoche &#8222;750 Jahre Oberseifersdorf&#8220;"}]},{"@type":"WebSite","@id":"http:\/\/www.herschdurfer-karneval.de\/wpr\/#website","url":"http:\/\/www.herschdurfer-karneval.de\/wpr\/","name":"Herschdurfer Karneval","description":"Die Webpr\u00e4senz des Mittelherwigsdorfer Karnevalsvereins.","publisher":{"@id":"http:\/\/www.herschdurfer-karneval.de\/wpr\/#organization"},"potentialAction":[{"@type":"SearchAction","target":{"@type":"EntryPoint","urlTemplate":"http:\/\/www.herschdurfer-karneval.de\/wpr\/?s={search_term_string}"},"query-input":{"@type":"PropertyValueSpecification","valueRequired":true,"valueName":"search_term_string"}}],"inLanguage":"de"},{"@type":"Organization","@id":"http:\/\/www.herschdurfer-karneval.de\/wpr\/#organization","name":"Herschdurfer Karnevalsverein e.V.","alternateName":"HKV","url":"http:\/\/www.herschdurfer-karneval.de\/wpr\/","logo":{"@type":"ImageObject","inLanguage":"de","@id":"http:\/\/www.herschdurfer-karneval.de\/wpr\/#\/schema\/logo\/image\/","url":"http:\/\/www.herschdurfer-karneval.de\/wpr\/wp-content\/uploads\/2020\/03\/hkv-logo_800x800_-BonW_noGrad.png","contentUrl":"http:\/\/www.herschdurfer-karneval.de\/wpr\/wp-content\/uploads\/2020\/03\/hkv-logo_800x800_-BonW_noGrad.png","width":800,"height":800,"caption":"Herschdurfer Karnevalsverein e.V."},"image":{"@id":"http:\/\/www.herschdurfer-karneval.de\/wpr\/#\/schema\/logo\/image\/"},"sameAs":["https:\/\/www.facebook.com\/HerschdurferKarneval","https:\/\/x.com\/MihedoKarneval"]},{"@type":"Person","@id":"http:\/\/www.herschdurfer-karneval.de\/wpr\/#\/schema\/person\/348195a70aeab304b6d33cad8a97ae1e","name":"ccclaus","image":{"@type":"ImageObject","inLanguage":"de","@id":"http:\/\/www.herschdurfer-karneval.de\/wpr\/#\/schema\/person\/image\/","url":"https:\/\/secure.gravatar.com\/avatar\/bfb0a99cf724a24e26256534f6be6749050c1d32a883222c283c46e52e6586ec?s=96&d=blank&r=g","contentUrl":"https:\/\/secure.gravatar.com\/avatar\/bfb0a99cf724a24e26256534f6be6749050c1d32a883222c283c46e52e6586ec?s=96&d=blank&r=g","caption":"ccclaus"}}]}},"_links":{"self":[{"href":"http:\/\/www.herschdurfer-karneval.de\/wpr\/index.php?rest_route=\/wp\/v2\/posts\/2161","targetHints":{"allow":["GET"]}}],"collection":[{"href":"http:\/\/www.herschdurfer-karneval.de\/wpr\/index.php?rest_route=\/wp\/v2\/posts"}],"about":[{"href":"http:\/\/www.herschdurfer-karneval.de\/wpr\/index.php?rest_route=\/wp\/v2\/types\/post"}],"author":[{"embeddable":true,"href":"http:\/\/www.herschdurfer-karneval.de\/wpr\/index.php?rest_route=\/wp\/v2\/users\/1"}],"replies":[{"embeddable":true,"href":"http:\/\/www.herschdurfer-karneval.de\/wpr\/index.php?rest_route=%2Fwp%2Fv2%2Fcomments&post=2161"}],"version-history":[{"count":10,"href":"http:\/\/www.herschdurfer-karneval.de\/wpr\/index.php?rest_route=\/wp\/v2\/posts\/2161\/revisions"}],"predecessor-version":[{"id":2190,"href":"http:\/\/www.herschdurfer-karneval.de\/wpr\/index.php?rest_route=\/wp\/v2\/posts\/2161\/revisions\/2190"}],"wp:attachment":[{"href":"http:\/\/www.herschdurfer-karneval.de\/wpr\/index.php?rest_route=%2Fwp%2Fv2%2Fmedia&parent=2161"}],"wp:term":[{"taxonomy":"category","embeddable":true,"href":"http:\/\/www.herschdurfer-karneval.de\/wpr\/index.php?rest_route=%2Fwp%2Fv2%2Fcategories&post=2161"},{"taxonomy":"post_tag","embeddable":true,"href":"http:\/\/www.herschdurfer-karneval.de\/wpr\/index.php?rest_route=%2Fwp%2Fv2%2Ftags&post=2161"}],"curies":[{"name":"wp","href":"https:\/\/api.w.org\/{rel}","templated":true}]}}