{"id":2854,"date":"2018-11-11T20:20:46","date_gmt":"2018-11-11T19:20:46","guid":{"rendered":"http:\/\/www.herschdurfer-karneval.de\/wpr\/?p=2854"},"modified":"2018-11-13T23:57:17","modified_gmt":"2018-11-13T22:57:17","slug":"naerrische-saisoneroeffnung-die-nachlese","status":"publish","type":"post","link":"http:\/\/www.herschdurfer-karneval.de\/wpr\/?p=2854","title":{"rendered":"N\u00e4rrische Saisoner\u00f6ffnung &#8211; Die Nachlese"},"content":{"rendered":"<p><a href=\"http:\/\/www.herschdurfer-karneval.de\/wpr\/wp-content\/uploads\/2018\/11\/wpLogo_Eroeffnung.jpg\"><img loading=\"lazy\" decoding=\"async\" src=\"http:\/\/www.herschdurfer-karneval.de\/wpr\/wp-content\/uploads\/2018\/11\/wpLogo_Eroeffnung.jpg\" alt=\"\" width=\"800\" height=\"359\" class=\"alignleft size-full wp-image-2855\" srcset=\"http:\/\/www.herschdurfer-karneval.de\/wpr\/wp-content\/uploads\/2018\/11\/wpLogo_Eroeffnung.jpg 800w, http:\/\/www.herschdurfer-karneval.de\/wpr\/wp-content\/uploads\/2018\/11\/wpLogo_Eroeffnung-400x180.jpg 400w, http:\/\/www.herschdurfer-karneval.de\/wpr\/wp-content\/uploads\/2018\/11\/wpLogo_Eroeffnung-768x345.jpg 768w, http:\/\/www.herschdurfer-karneval.de\/wpr\/wp-content\/uploads\/2018\/11\/wpLogo_Eroeffnung-150x67.jpg 150w, http:\/\/www.herschdurfer-karneval.de\/wpr\/wp-content\/uploads\/2018\/11\/wpLogo_Eroeffnung-250x112.jpg 250w\" sizes=\"auto, (max-width: 800px) 100vw, 800px\" \/><\/a><br \/>\nWas soll man zur heutigen n\u00e4rrischen Saisoner\u00f6ffnung eigentlich noch mehr sagen als dass es eine wirklich tolle Veranstaltung war? Das Wetter war uns wohlgesonnen, zahlreiche G\u00e4ste schauten vorbei und die Gemeindeverwaltung Mittelherwigsdorf sorgte sich bestens um deren und unser leibliches Wohl. Klaus-R\u00fcdiger Komm h\u00e4ndigte uns stellvertretend f\u00fcr den B\u00fcrgermeister den Amtsschl\u00fcssel und die Gemeindekasse aus. Die Minifunken sorgten f\u00fcr ein begeistertes Publikum. Und statt der allj\u00e4hrlichen Wette gab es in diesem Jahr an uns die Bitte, eine tolle <a href=\"http:\/\/www.herschdurfer-karneval.de\/wpr\/?p=2506\" rel=\"noopener\" target=\"_blank\">Jubil\u00e4umsfeier<\/a> \u00fcber die B\u00fchne gehen zu lassen. Dabei soll die frisch renovierte Turnhalle nicht \u00fcberstrapaziert werden. Das ist nat\u00fcrlich voll und ganz in unserem Sinne und wird am 24. November in die Tat umgesetzt.<\/p>\n<p>So bleibt uns nach diesem Tag nur noch, hier das Thema der diesj\u00e4hrigen Herschdurfer Karnevalssaison zu verk\u00fcnden, bevor wir unsere Vorbereitungen <a href=\"http:\/\/www.herschdurfer-karneval.de\/wpr\/?p=2506\" rel=\"noopener\" target=\"_blank\">zur gro\u00dfen Jubil\u00e4umsveranstaltung<\/a> fortsetzen. Es lautet:<br \/>\n<strong>Nach 40 Jahren Narrengl\u00fcck \/ kehr&#8217;n nun die 20er zur\u00fcck!<\/strong><br \/>\nVielen Dank an alle, die heute dabei waren und mitgemacht haben. Bis bald, wir freuen uns schon auf Euch!<\/p>\n<p>Kummt ock rei!<\/p>\n<p><strong>P.S.:<\/strong> In unserer Fotokiste sind auch <a href=\"http:\/\/www.herschdurfer-karneval.de\/pwg\/index.php?\/category\/72\" rel=\"noopener\" target=\"_blank\">ein paar DSGVO-vertr\u00e4gliche Schnappsch\u00fcsse vom heutigen Tag<\/a> zu finden.<br \/>\n<a href=\"http:\/\/www.herschdurfer-karneval.de\/wpr\/wp-content\/uploads\/2018\/11\/kalender_2018_800px.jpg\"><img loading=\"lazy\" decoding=\"async\" src=\"http:\/\/www.herschdurfer-karneval.de\/wpr\/wp-content\/uploads\/2018\/11\/kalender_2018_800px.jpg\" alt=\"\" width=\"800\" height=\"533\" class=\"alignleft size-full wp-image-2856\" srcset=\"http:\/\/www.herschdurfer-karneval.de\/wpr\/wp-content\/uploads\/2018\/11\/kalender_2018_800px.jpg 800w, http:\/\/www.herschdurfer-karneval.de\/wpr\/wp-content\/uploads\/2018\/11\/kalender_2018_800px-400x267.jpg 400w, http:\/\/www.herschdurfer-karneval.de\/wpr\/wp-content\/uploads\/2018\/11\/kalender_2018_800px-768x512.jpg 768w, http:\/\/www.herschdurfer-karneval.de\/wpr\/wp-content\/uploads\/2018\/11\/kalender_2018_800px-150x100.jpg 150w, http:\/\/www.herschdurfer-karneval.de\/wpr\/wp-content\/uploads\/2018\/11\/kalender_2018_800px-225x150.jpg 225w\" sizes=\"auto, (max-width: 800px) 100vw, 800px\" \/><\/a><\/p>\n","protected":false},"excerpt":{"rendered":"<p>Was soll man zur heutigen n\u00e4rrischen Saisoner\u00f6ffnung eigentlich noch mehr sagen als dass es eine wirklich tolle Veranstaltung war? Das Wetter war uns wohlgesonnen, zahlreiche G\u00e4ste schauten vorbei und die Gemeindeverwaltung Mittelherwigsdorf sorgte sich bestens um deren und unser leibliches Wohl. Klaus-R\u00fcdiger Komm h\u00e4ndigte uns stellvertretend f\u00fcr den B\u00fcrgermeister den \u2026 <a class=\"continue-reading-link\" href=\"http:\/\/www.herschdurfer-karneval.de\/wpr\/?p=2854\">Hier klicken f\u00fcr den vollst\u00e4ndigen Artikel. <span class=\"meta-nav\">&rarr; <\/span><\/a><\/p>\n","protected":false},"author":1,"featured_media":0,"comment_status":"open","ping_status":"open","sticky":false,"template":"","format":"standard","meta":{"footnotes":""},"categories":[1],"tags":[234,22,33,37,52,72,86,107],"class_list":["post-2854","post","type-post","status-publish","format-standard","hentry","category-allgemein","tag-234","tag-auftakt","tag-eroffnung","tag-fasching","tag-gemeindeamt","tag-karnevalsauftakt","tag-mittelherwigsdorf","tag-schlusselubergabe"],"yoast_head":"<!-- This site is optimized with the Yoast SEO plugin v26.7 - https:\/\/yoast.com\/wordpress\/plugins\/seo\/ -->\n<title>N\u00e4rrische Saisoner\u00f6ffnung - Die Nachlese - Herschdurfer Karneval<\/title>\n<meta name=\"description\" content=\"Eine kleine Nachlese zur &quot;N\u00e4rrischen Er\u00f6ffnung&quot; der 40. Karnevalssaison in Mittelherwigsdorf.\" \/>\n<meta name=\"robots\" content=\"index, follow, max-snippet:-1, max-image-preview:large, max-video-preview:-1\" \/>\n<link rel=\"canonical\" href=\"http:\/\/www.herschdurfer-karneval.de\/wpr\/?p=2854\" \/>\n<meta property=\"og:locale\" content=\"de_DE\" \/>\n<meta property=\"og:type\" content=\"article\" \/>\n<meta property=\"og:title\" content=\"N\u00e4rrische Saisoner\u00f6ffnung - Die Nachlese - Herschdurfer Karneval\" \/>\n<meta property=\"og:description\" content=\"Eine kleine Nachlese zur &quot;N\u00e4rrischen Er\u00f6ffnung&quot; der 40. Karnevalssaison in Mittelherwigsdorf.\" \/>\n<meta property=\"og:url\" content=\"http:\/\/www.herschdurfer-karneval.de\/wpr\/?p=2854\" \/>\n<meta property=\"og:site_name\" content=\"Herschdurfer Karneval\" \/>\n<meta property=\"article:publisher\" content=\"https:\/\/www.facebook.com\/HerschdurferKarneval\" \/>\n<meta property=\"article:published_time\" content=\"2018-11-11T19:20:46+00:00\" \/>\n<meta property=\"article:modified_time\" content=\"2018-11-13T22:57:17+00:00\" \/>\n<meta property=\"og:image\" content=\"http:\/\/www.herschdurfer-karneval.de\/wpr\/wp-content\/uploads\/2018\/11\/wpLogo_Eroeffnung.jpg\" \/>\n<meta name=\"author\" content=\"ccclaus\" \/>\n<meta name=\"twitter:card\" content=\"summary_large_image\" \/>\n<meta name=\"twitter:creator\" content=\"@MihedoKarneval\" \/>\n<meta name=\"twitter:site\" content=\"@MihedoKarneval\" \/>\n<meta name=\"twitter:label1\" content=\"Verfasst von\" \/>\n\t<meta name=\"twitter:data1\" content=\"ccclaus\" \/>\n\t<meta name=\"twitter:label2\" content=\"Gesch\u00e4tzte Lesezeit\" \/>\n\t<meta name=\"twitter:data2\" content=\"1\u00a0Minute\" \/>\n<script type=\"application\/ld+json\" class=\"yoast-schema-graph\">{\"@context\":\"https:\/\/schema.org\",\"@graph\":[{\"@type\":\"Article\",\"@id\":\"http:\/\/www.herschdurfer-karneval.de\/wpr\/?p=2854#article\",\"isPartOf\":{\"@id\":\"http:\/\/www.herschdurfer-karneval.de\/wpr\/?p=2854\"},\"author\":{\"name\":\"ccclaus\",\"@id\":\"http:\/\/www.herschdurfer-karneval.de\/wpr\/#\/schema\/person\/348195a70aeab304b6d33cad8a97ae1e\"},\"headline\":\"N\u00e4rrische Saisoner\u00f6ffnung &#8211; Die Nachlese\",\"datePublished\":\"2018-11-11T19:20:46+00:00\",\"dateModified\":\"2018-11-13T22:57:17+00:00\",\"mainEntityOfPage\":{\"@id\":\"http:\/\/www.herschdurfer-karneval.de\/wpr\/?p=2854\"},\"wordCount\":212,\"commentCount\":0,\"publisher\":{\"@id\":\"http:\/\/www.herschdurfer-karneval.de\/wpr\/#organization\"},\"image\":{\"@id\":\"http:\/\/www.herschdurfer-karneval.de\/wpr\/?p=2854#primaryimage\"},\"thumbnailUrl\":\"http:\/\/www.herschdurfer-karneval.de\/wpr\/wp-content\/uploads\/2018\/11\/wpLogo_Eroeffnung.jpg\",\"keywords\":[\"2018\",\"Auftakt\",\"Er\u00f6ffnung\",\"Fasching\",\"Gemeindeamt\",\"Karnevalsauftakt\",\"Mittelherwigsdorf\",\"Schl\u00fcssel\u00fcbergabe\"],\"inLanguage\":\"de\",\"potentialAction\":[{\"@type\":\"CommentAction\",\"name\":\"Comment\",\"target\":[\"http:\/\/www.herschdurfer-karneval.de\/wpr\/?p=2854#respond\"]}]},{\"@type\":\"WebPage\",\"@id\":\"http:\/\/www.herschdurfer-karneval.de\/wpr\/?p=2854\",\"url\":\"http:\/\/www.herschdurfer-karneval.de\/wpr\/?p=2854\",\"name\":\"N\u00e4rrische Saisoner\u00f6ffnung - Die Nachlese - Herschdurfer Karneval\",\"isPartOf\":{\"@id\":\"http:\/\/www.herschdurfer-karneval.de\/wpr\/#website\"},\"primaryImageOfPage\":{\"@id\":\"http:\/\/www.herschdurfer-karneval.de\/wpr\/?p=2854#primaryimage\"},\"image\":{\"@id\":\"http:\/\/www.herschdurfer-karneval.de\/wpr\/?p=2854#primaryimage\"},\"thumbnailUrl\":\"http:\/\/www.herschdurfer-karneval.de\/wpr\/wp-content\/uploads\/2018\/11\/wpLogo_Eroeffnung.jpg\",\"datePublished\":\"2018-11-11T19:20:46+00:00\",\"dateModified\":\"2018-11-13T22:57:17+00:00\",\"description\":\"Eine kleine Nachlese zur \\\"N\u00e4rrischen Er\u00f6ffnung\\\" der 40. Karnevalssaison in Mittelherwigsdorf.\",\"breadcrumb\":{\"@id\":\"http:\/\/www.herschdurfer-karneval.de\/wpr\/?p=2854#breadcrumb\"},\"inLanguage\":\"de\",\"potentialAction\":[{\"@type\":\"ReadAction\",\"target\":[\"http:\/\/www.herschdurfer-karneval.de\/wpr\/?p=2854\"]}]},{\"@type\":\"ImageObject\",\"inLanguage\":\"de\",\"@id\":\"http:\/\/www.herschdurfer-karneval.de\/wpr\/?p=2854#primaryimage\",\"url\":\"http:\/\/www.herschdurfer-karneval.de\/wpr\/wp-content\/uploads\/2018\/11\/wpLogo_Eroeffnung.jpg\",\"contentUrl\":\"http:\/\/www.herschdurfer-karneval.de\/wpr\/wp-content\/uploads\/2018\/11\/wpLogo_Eroeffnung.jpg\",\"width\":800,\"height\":359},{\"@type\":\"BreadcrumbList\",\"@id\":\"http:\/\/www.herschdurfer-karneval.de\/wpr\/?p=2854#breadcrumb\",\"itemListElement\":[{\"@type\":\"ListItem\",\"position\":1,\"name\":\"Startseite\",\"item\":\"http:\/\/www.herschdurfer-karneval.de\/wpr\"},{\"@type\":\"ListItem\",\"position\":2,\"name\":\"N\u00e4rrische Saisoner\u00f6ffnung &#8211; Die Nachlese\"}]},{\"@type\":\"WebSite\",\"@id\":\"http:\/\/www.herschdurfer-karneval.de\/wpr\/#website\",\"url\":\"http:\/\/www.herschdurfer-karneval.de\/wpr\/\",\"name\":\"Herschdurfer Karneval\",\"description\":\"Die Webpr\u00e4senz des Mittelherwigsdorfer Karnevalsvereins.\",\"publisher\":{\"@id\":\"http:\/\/www.herschdurfer-karneval.de\/wpr\/#organization\"},\"potentialAction\":[{\"@type\":\"SearchAction\",\"target\":{\"@type\":\"EntryPoint\",\"urlTemplate\":\"http:\/\/www.herschdurfer-karneval.de\/wpr\/?s={search_term_string}\"},\"query-input\":{\"@type\":\"PropertyValueSpecification\",\"valueRequired\":true,\"valueName\":\"search_term_string\"}}],\"inLanguage\":\"de\"},{\"@type\":\"Organization\",\"@id\":\"http:\/\/www.herschdurfer-karneval.de\/wpr\/#organization\",\"name\":\"Herschdurfer Karnevalsverein e.V.\",\"alternateName\":\"HKV\",\"url\":\"http:\/\/www.herschdurfer-karneval.de\/wpr\/\",\"logo\":{\"@type\":\"ImageObject\",\"inLanguage\":\"de\",\"@id\":\"http:\/\/www.herschdurfer-karneval.de\/wpr\/#\/schema\/logo\/image\/\",\"url\":\"http:\/\/www.herschdurfer-karneval.de\/wpr\/wp-content\/uploads\/2020\/03\/hkv-logo_800x800_-BonW_noGrad.png\",\"contentUrl\":\"http:\/\/www.herschdurfer-karneval.de\/wpr\/wp-content\/uploads\/2020\/03\/hkv-logo_800x800_-BonW_noGrad.png\",\"width\":800,\"height\":800,\"caption\":\"Herschdurfer Karnevalsverein e.V.\"},\"image\":{\"@id\":\"http:\/\/www.herschdurfer-karneval.de\/wpr\/#\/schema\/logo\/image\/\"},\"sameAs\":[\"https:\/\/www.facebook.com\/HerschdurferKarneval\",\"https:\/\/x.com\/MihedoKarneval\"]},{\"@type\":\"Person\",\"@id\":\"http:\/\/www.herschdurfer-karneval.de\/wpr\/#\/schema\/person\/348195a70aeab304b6d33cad8a97ae1e\",\"name\":\"ccclaus\",\"image\":{\"@type\":\"ImageObject\",\"inLanguage\":\"de\",\"@id\":\"http:\/\/www.herschdurfer-karneval.de\/wpr\/#\/schema\/person\/image\/\",\"url\":\"https:\/\/secure.gravatar.com\/avatar\/bfb0a99cf724a24e26256534f6be6749050c1d32a883222c283c46e52e6586ec?s=96&d=blank&r=g\",\"contentUrl\":\"https:\/\/secure.gravatar.com\/avatar\/bfb0a99cf724a24e26256534f6be6749050c1d32a883222c283c46e52e6586ec?s=96&d=blank&r=g\",\"caption\":\"ccclaus\"}}]}<\/script>\n<!-- \/ Yoast SEO plugin. -->","yoast_head_json":{"title":"N\u00e4rrische Saisoner\u00f6ffnung - Die Nachlese - Herschdurfer Karneval","description":"Eine kleine Nachlese zur \"N\u00e4rrischen Er\u00f6ffnung\" der 40. Karnevalssaison in Mittelherwigsdorf.","robots":{"index":"index","follow":"follow","max-snippet":"max-snippet:-1","max-image-preview":"max-image-preview:large","max-video-preview":"max-video-preview:-1"},"canonical":"http:\/\/www.herschdurfer-karneval.de\/wpr\/?p=2854","og_locale":"de_DE","og_type":"article","og_title":"N\u00e4rrische Saisoner\u00f6ffnung - Die Nachlese - Herschdurfer Karneval","og_description":"Eine kleine Nachlese zur \"N\u00e4rrischen Er\u00f6ffnung\" der 40. Karnevalssaison in Mittelherwigsdorf.","og_url":"http:\/\/www.herschdurfer-karneval.de\/wpr\/?p=2854","og_site_name":"Herschdurfer Karneval","article_publisher":"https:\/\/www.facebook.com\/HerschdurferKarneval","article_published_time":"2018-11-11T19:20:46+00:00","article_modified_time":"2018-11-13T22:57:17+00:00","og_image":[{"url":"http:\/\/www.herschdurfer-karneval.de\/wpr\/wp-content\/uploads\/2018\/11\/wpLogo_Eroeffnung.jpg","type":"","width":"","height":""}],"author":"ccclaus","twitter_card":"summary_large_image","twitter_creator":"@MihedoKarneval","twitter_site":"@MihedoKarneval","twitter_misc":{"Verfasst von":"ccclaus","Gesch\u00e4tzte Lesezeit":"1\u00a0Minute"},"schema":{"@context":"https:\/\/schema.org","@graph":[{"@type":"Article","@id":"http:\/\/www.herschdurfer-karneval.de\/wpr\/?p=2854#article","isPartOf":{"@id":"http:\/\/www.herschdurfer-karneval.de\/wpr\/?p=2854"},"author":{"name":"ccclaus","@id":"http:\/\/www.herschdurfer-karneval.de\/wpr\/#\/schema\/person\/348195a70aeab304b6d33cad8a97ae1e"},"headline":"N\u00e4rrische Saisoner\u00f6ffnung &#8211; Die Nachlese","datePublished":"2018-11-11T19:20:46+00:00","dateModified":"2018-11-13T22:57:17+00:00","mainEntityOfPage":{"@id":"http:\/\/www.herschdurfer-karneval.de\/wpr\/?p=2854"},"wordCount":212,"commentCount":0,"publisher":{"@id":"http:\/\/www.herschdurfer-karneval.de\/wpr\/#organization"},"image":{"@id":"http:\/\/www.herschdurfer-karneval.de\/wpr\/?p=2854#primaryimage"},"thumbnailUrl":"http:\/\/www.herschdurfer-karneval.de\/wpr\/wp-content\/uploads\/2018\/11\/wpLogo_Eroeffnung.jpg","keywords":["2018","Auftakt","Er\u00f6ffnung","Fasching","Gemeindeamt","Karnevalsauftakt","Mittelherwigsdorf","Schl\u00fcssel\u00fcbergabe"],"inLanguage":"de","potentialAction":[{"@type":"CommentAction","name":"Comment","target":["http:\/\/www.herschdurfer-karneval.de\/wpr\/?p=2854#respond"]}]},{"@type":"WebPage","@id":"http:\/\/www.herschdurfer-karneval.de\/wpr\/?p=2854","url":"http:\/\/www.herschdurfer-karneval.de\/wpr\/?p=2854","name":"N\u00e4rrische Saisoner\u00f6ffnung - Die Nachlese - Herschdurfer Karneval","isPartOf":{"@id":"http:\/\/www.herschdurfer-karneval.de\/wpr\/#website"},"primaryImageOfPage":{"@id":"http:\/\/www.herschdurfer-karneval.de\/wpr\/?p=2854#primaryimage"},"image":{"@id":"http:\/\/www.herschdurfer-karneval.de\/wpr\/?p=2854#primaryimage"},"thumbnailUrl":"http:\/\/www.herschdurfer-karneval.de\/wpr\/wp-content\/uploads\/2018\/11\/wpLogo_Eroeffnung.jpg","datePublished":"2018-11-11T19:20:46+00:00","dateModified":"2018-11-13T22:57:17+00:00","description":"Eine kleine Nachlese zur \"N\u00e4rrischen Er\u00f6ffnung\" der 40. Karnevalssaison in Mittelherwigsdorf.","breadcrumb":{"@id":"http:\/\/www.herschdurfer-karneval.de\/wpr\/?p=2854#breadcrumb"},"inLanguage":"de","potentialAction":[{"@type":"ReadAction","target":["http:\/\/www.herschdurfer-karneval.de\/wpr\/?p=2854"]}]},{"@type":"ImageObject","inLanguage":"de","@id":"http:\/\/www.herschdurfer-karneval.de\/wpr\/?p=2854#primaryimage","url":"http:\/\/www.herschdurfer-karneval.de\/wpr\/wp-content\/uploads\/2018\/11\/wpLogo_Eroeffnung.jpg","contentUrl":"http:\/\/www.herschdurfer-karneval.de\/wpr\/wp-content\/uploads\/2018\/11\/wpLogo_Eroeffnung.jpg","width":800,"height":359},{"@type":"BreadcrumbList","@id":"http:\/\/www.herschdurfer-karneval.de\/wpr\/?p=2854#breadcrumb","itemListElement":[{"@type":"ListItem","position":1,"name":"Startseite","item":"http:\/\/www.herschdurfer-karneval.de\/wpr"},{"@type":"ListItem","position":2,"name":"N\u00e4rrische Saisoner\u00f6ffnung &#8211; Die Nachlese"}]},{"@type":"WebSite","@id":"http:\/\/www.herschdurfer-karneval.de\/wpr\/#website","url":"http:\/\/www.herschdurfer-karneval.de\/wpr\/","name":"Herschdurfer Karneval","description":"Die Webpr\u00e4senz des Mittelherwigsdorfer Karnevalsvereins.","publisher":{"@id":"http:\/\/www.herschdurfer-karneval.de\/wpr\/#organization"},"potentialAction":[{"@type":"SearchAction","target":{"@type":"EntryPoint","urlTemplate":"http:\/\/www.herschdurfer-karneval.de\/wpr\/?s={search_term_string}"},"query-input":{"@type":"PropertyValueSpecification","valueRequired":true,"valueName":"search_term_string"}}],"inLanguage":"de"},{"@type":"Organization","@id":"http:\/\/www.herschdurfer-karneval.de\/wpr\/#organization","name":"Herschdurfer Karnevalsverein e.V.","alternateName":"HKV","url":"http:\/\/www.herschdurfer-karneval.de\/wpr\/","logo":{"@type":"ImageObject","inLanguage":"de","@id":"http:\/\/www.herschdurfer-karneval.de\/wpr\/#\/schema\/logo\/image\/","url":"http:\/\/www.herschdurfer-karneval.de\/wpr\/wp-content\/uploads\/2020\/03\/hkv-logo_800x800_-BonW_noGrad.png","contentUrl":"http:\/\/www.herschdurfer-karneval.de\/wpr\/wp-content\/uploads\/2020\/03\/hkv-logo_800x800_-BonW_noGrad.png","width":800,"height":800,"caption":"Herschdurfer Karnevalsverein e.V."},"image":{"@id":"http:\/\/www.herschdurfer-karneval.de\/wpr\/#\/schema\/logo\/image\/"},"sameAs":["https:\/\/www.facebook.com\/HerschdurferKarneval","https:\/\/x.com\/MihedoKarneval"]},{"@type":"Person","@id":"http:\/\/www.herschdurfer-karneval.de\/wpr\/#\/schema\/person\/348195a70aeab304b6d33cad8a97ae1e","name":"ccclaus","image":{"@type":"ImageObject","inLanguage":"de","@id":"http:\/\/www.herschdurfer-karneval.de\/wpr\/#\/schema\/person\/image\/","url":"https:\/\/secure.gravatar.com\/avatar\/bfb0a99cf724a24e26256534f6be6749050c1d32a883222c283c46e52e6586ec?s=96&d=blank&r=g","contentUrl":"https:\/\/secure.gravatar.com\/avatar\/bfb0a99cf724a24e26256534f6be6749050c1d32a883222c283c46e52e6586ec?s=96&d=blank&r=g","caption":"ccclaus"}}]}},"_links":{"self":[{"href":"http:\/\/www.herschdurfer-karneval.de\/wpr\/index.php?rest_route=\/wp\/v2\/posts\/2854","targetHints":{"allow":["GET"]}}],"collection":[{"href":"http:\/\/www.herschdurfer-karneval.de\/wpr\/index.php?rest_route=\/wp\/v2\/posts"}],"about":[{"href":"http:\/\/www.herschdurfer-karneval.de\/wpr\/index.php?rest_route=\/wp\/v2\/types\/post"}],"author":[{"embeddable":true,"href":"http:\/\/www.herschdurfer-karneval.de\/wpr\/index.php?rest_route=\/wp\/v2\/users\/1"}],"replies":[{"embeddable":true,"href":"http:\/\/www.herschdurfer-karneval.de\/wpr\/index.php?rest_route=%2Fwp%2Fv2%2Fcomments&post=2854"}],"version-history":[{"count":8,"href":"http:\/\/www.herschdurfer-karneval.de\/wpr\/index.php?rest_route=\/wp\/v2\/posts\/2854\/revisions"}],"predecessor-version":[{"id":2864,"href":"http:\/\/www.herschdurfer-karneval.de\/wpr\/index.php?rest_route=\/wp\/v2\/posts\/2854\/revisions\/2864"}],"wp:attachment":[{"href":"http:\/\/www.herschdurfer-karneval.de\/wpr\/index.php?rest_route=%2Fwp%2Fv2%2Fmedia&parent=2854"}],"wp:term":[{"taxonomy":"category","embeddable":true,"href":"http:\/\/www.herschdurfer-karneval.de\/wpr\/index.php?rest_route=%2Fwp%2Fv2%2Fcategories&post=2854"},{"taxonomy":"post_tag","embeddable":true,"href":"http:\/\/www.herschdurfer-karneval.de\/wpr\/index.php?rest_route=%2Fwp%2Fv2%2Ftags&post=2854"}],"curies":[{"name":"wp","href":"https:\/\/api.w.org\/{rel}","templated":true}]}}