{"id":3122,"date":"2020-02-28T11:11:53","date_gmt":"2020-02-28T10:11:53","guid":{"rendered":"http:\/\/www.herschdurfer-karneval.de\/wpr\/?p=3122"},"modified":"2020-03-01T11:26:50","modified_gmt":"2020-03-01T10:26:50","slug":"die-gemeindeverwaltung-zieht-nach","status":"publish","type":"post","link":"http:\/\/www.herschdurfer-karneval.de\/wpr\/?p=3122","title":{"rendered":"Die Gemeindeverwaltung zieht nach"},"content":{"rendered":"\n<p>Zum Faschingsdienstag fand nicht nur die traditionelle R\u00fcckgabe von Amtsschl\u00fcssel und der leeren Gemeindekasse statt. Auch war die <a rel=\"noreferrer noopener\" aria-label=\"Gemeindeverwaltung Mittelherwigsdorf  (\u00f6ffnet in neuem Tab)\" href=\"https:\/\/www.mittelherwigsdorf.de\/\" target=\"_blank\">Gemeindeverwaltung Mittelherwigsdorf<\/a> angetreten, um den ersten Teil ihrer Wette umzusetzen: <a rel=\"noreferrer noopener\" aria-label=\"Entsprechend der vom HKV vorgegebene Liste (\u00f6ffnet in neuem Tab)\" href=\"http:\/\/www.herschdurfer-karneval.de\/wpr\/?p=3099\" target=\"_blank\">Entsprechend der vom HKV vorgegebene Liste<\/a> trat sie voll kost\u00fcmiert zu einer kleinen &#8222;Modenschau&#8220; auf. Das stie\u00df im gut gef\u00fcllten Vereinshaus auf gro\u00dfe Begeisterung, auch bei den befreundeten Karnevalsvereinen der Region, die an diesem Abend bei uns zu Gast waren. <\/p>\n\n\n\n<figure class=\"wp-block-image\"><img loading=\"lazy\" decoding=\"async\" width=\"800\" height=\"532\" src=\"http:\/\/www.herschdurfer-karneval.de\/wpr\/wp-content\/uploads\/2020\/03\/IMG_3002-800x532.jpg\" alt=\"\" class=\"wp-image-3123\" srcset=\"http:\/\/www.herschdurfer-karneval.de\/wpr\/wp-content\/uploads\/2020\/03\/IMG_3002.jpg 800w, http:\/\/www.herschdurfer-karneval.de\/wpr\/wp-content\/uploads\/2020\/03\/IMG_3002-400x266.jpg 400w, http:\/\/www.herschdurfer-karneval.de\/wpr\/wp-content\/uploads\/2020\/03\/IMG_3002-768x511.jpg 768w, http:\/\/www.herschdurfer-karneval.de\/wpr\/wp-content\/uploads\/2020\/03\/IMG_3002-150x100.jpg 150w, http:\/\/www.herschdurfer-karneval.de\/wpr\/wp-content\/uploads\/2020\/03\/IMG_3002-226x150.jpg 226w\" sizes=\"auto, (max-width: 800px) 100vw, 800px\" \/><figcaption> Die feierliche R\u00fcckgabe des Amtsschl\u00fcssels \/ (C) Klaus-R\u00fcdiger Komm<\/figcaption><\/figure>\n\n\n\n<p>Stellt sich doch die Frage: Welcher Ort im Oberlausitzer Umfeld kann schon eine Gemeindeverwaltung vorweisen, die so zu Possen aufgelegt ist? Wir k\u00f6nnen uns hier wirklich gl\u00fccklich sch\u00e4tzen, zumal wir <a rel=\"noreferrer noopener\" aria-label=\"am kommenden Livemusik-Auskehrball  (\u00f6ffnet in neuem Tab)\" href=\"http:\/\/www.herschdurfer-karneval.de\/wpr\/?p=3068\" target=\"_blank\">am kommenden Livemusik-Auskehrball <\/a>auch noch vom Arbeitsaufwand, den jede Faschingsveranstaltung normalerweise mit sich bringt, etwas entlastet werden: An diesem Abend wird das &#8222;m\u00e4rchenhafte&#8220; Team um B\u00fcrgermeister Markus Hallmann den kompletten Bardienst im Vereinshaus \u00fcbernehmen.<\/p>\n","protected":false},"excerpt":{"rendered":"<p>Zum Faschingsdienstag fand nicht nur die traditionelle R\u00fcckgabe von Amtsschl\u00fcssel und der leeren Gemeindekasse statt. Auch war die Gemeindeverwaltung Mittelherwigsdorf angetreten, um den ersten Teil ihrer Wette umzusetzen: Entsprechend der vom HKV vorgegebene Liste trat sie voll kost\u00fcmiert zu einer kleinen &#8222;Modenschau&#8220; auf. Das stie\u00df im gut gef\u00fcllten Vereinshaus auf \u2026 <a class=\"continue-reading-link\" href=\"http:\/\/www.herschdurfer-karneval.de\/wpr\/?p=3122\">Hier klicken f\u00fcr den vollst\u00e4ndigen Artikel. <span class=\"meta-nav\">&rarr; <\/span><\/a><\/p>\n","protected":false},"author":1,"featured_media":0,"comment_status":"open","ping_status":"open","sticky":false,"template":"","format":"standard","meta":{"footnotes":""},"categories":[2,1],"tags":[37,38,169,170,54,61,86,172,240,297],"class_list":["post-3122","post","type-post","status-publish","format-standard","hentry","category-aktuelles","category-allgemein","tag-fasching","tag-faschingsdienstag","tag-gemeinde","tag-gemeindeverwaltung","tag-gewinn","tag-herschdurf","tag-mittelherwigsdorf","tag-wette","tag-wetteinsatz","tag-zauberwald"],"yoast_head":"<!-- This site is optimized with the Yoast SEO plugin v26.7 - https:\/\/yoast.com\/wordpress\/plugins\/seo\/ -->\n<title>Die Gemeindeverwaltung zieht nach - Herschdurfer Karneval<\/title>\n<meta name=\"robots\" content=\"index, follow, max-snippet:-1, max-image-preview:large, max-video-preview:-1\" \/>\n<link rel=\"canonical\" href=\"http:\/\/www.herschdurfer-karneval.de\/wpr\/?p=3122\" \/>\n<meta property=\"og:locale\" content=\"de_DE\" \/>\n<meta property=\"og:type\" content=\"article\" \/>\n<meta property=\"og:title\" content=\"Die Gemeindeverwaltung zieht nach - Herschdurfer Karneval\" \/>\n<meta property=\"og:description\" content=\"Zum Faschingsdienstag fand nicht nur die traditionelle R\u00fcckgabe von Amtsschl\u00fcssel und der leeren Gemeindekasse statt. Auch war die Gemeindeverwaltung Mittelherwigsdorf angetreten, um den ersten Teil ihrer Wette umzusetzen: Entsprechend der vom HKV vorgegebene Liste trat sie voll kost\u00fcmiert zu einer kleinen &#8222;Modenschau&#8220; auf. Das stie\u00df im gut gef\u00fcllten Vereinshaus auf \u2026 Hier klicken f\u00fcr den vollst\u00e4ndigen Artikel. &rarr;\" \/>\n<meta property=\"og:url\" content=\"http:\/\/www.herschdurfer-karneval.de\/wpr\/?p=3122\" \/>\n<meta property=\"og:site_name\" content=\"Herschdurfer Karneval\" \/>\n<meta property=\"article:publisher\" content=\"https:\/\/www.facebook.com\/HerschdurferKarneval\" \/>\n<meta property=\"article:published_time\" content=\"2020-02-28T10:11:53+00:00\" \/>\n<meta property=\"article:modified_time\" content=\"2020-03-01T10:26:50+00:00\" \/>\n<meta property=\"og:image\" content=\"http:\/\/www.herschdurfer-karneval.de\/wpr\/wp-content\/uploads\/2020\/03\/IMG_3002-800x532.jpg\" \/>\n<meta name=\"author\" content=\"ccclaus\" \/>\n<meta name=\"twitter:card\" content=\"summary_large_image\" \/>\n<meta name=\"twitter:creator\" content=\"@MihedoKarneval\" \/>\n<meta name=\"twitter:site\" content=\"@MihedoKarneval\" \/>\n<meta name=\"twitter:label1\" content=\"Verfasst von\" \/>\n\t<meta name=\"twitter:data1\" content=\"ccclaus\" \/>\n\t<meta name=\"twitter:label2\" content=\"Gesch\u00e4tzte Lesezeit\" \/>\n\t<meta name=\"twitter:data2\" content=\"1\u00a0Minute\" \/>\n<script type=\"application\/ld+json\" class=\"yoast-schema-graph\">{\"@context\":\"https:\/\/schema.org\",\"@graph\":[{\"@type\":\"Article\",\"@id\":\"http:\/\/www.herschdurfer-karneval.de\/wpr\/?p=3122#article\",\"isPartOf\":{\"@id\":\"http:\/\/www.herschdurfer-karneval.de\/wpr\/?p=3122\"},\"author\":{\"name\":\"ccclaus\",\"@id\":\"http:\/\/www.herschdurfer-karneval.de\/wpr\/#\/schema\/person\/348195a70aeab304b6d33cad8a97ae1e\"},\"headline\":\"Die Gemeindeverwaltung zieht nach\",\"datePublished\":\"2020-02-28T10:11:53+00:00\",\"dateModified\":\"2020-03-01T10:26:50+00:00\",\"mainEntityOfPage\":{\"@id\":\"http:\/\/www.herschdurfer-karneval.de\/wpr\/?p=3122\"},\"wordCount\":157,\"commentCount\":0,\"publisher\":{\"@id\":\"http:\/\/www.herschdurfer-karneval.de\/wpr\/#organization\"},\"image\":{\"@id\":\"http:\/\/www.herschdurfer-karneval.de\/wpr\/?p=3122#primaryimage\"},\"thumbnailUrl\":\"http:\/\/www.herschdurfer-karneval.de\/wpr\/wp-content\/uploads\/2020\/03\/IMG_3002-800x532.jpg\",\"keywords\":[\"Fasching\",\"Faschingsdienstag\",\"Gemeinde\",\"Gemeindeverwaltung\",\"Gewinn\",\"Herschdurf\",\"Mittelherwigsdorf\",\"Wette\",\"Wetteinsatz\",\"Zauberwald\"],\"articleSection\":[\"Aktuelles\"],\"inLanguage\":\"de\",\"potentialAction\":[{\"@type\":\"CommentAction\",\"name\":\"Comment\",\"target\":[\"http:\/\/www.herschdurfer-karneval.de\/wpr\/?p=3122#respond\"]}]},{\"@type\":\"WebPage\",\"@id\":\"http:\/\/www.herschdurfer-karneval.de\/wpr\/?p=3122\",\"url\":\"http:\/\/www.herschdurfer-karneval.de\/wpr\/?p=3122\",\"name\":\"Die Gemeindeverwaltung zieht nach - Herschdurfer Karneval\",\"isPartOf\":{\"@id\":\"http:\/\/www.herschdurfer-karneval.de\/wpr\/#website\"},\"primaryImageOfPage\":{\"@id\":\"http:\/\/www.herschdurfer-karneval.de\/wpr\/?p=3122#primaryimage\"},\"image\":{\"@id\":\"http:\/\/www.herschdurfer-karneval.de\/wpr\/?p=3122#primaryimage\"},\"thumbnailUrl\":\"http:\/\/www.herschdurfer-karneval.de\/wpr\/wp-content\/uploads\/2020\/03\/IMG_3002-800x532.jpg\",\"datePublished\":\"2020-02-28T10:11:53+00:00\",\"dateModified\":\"2020-03-01T10:26:50+00:00\",\"breadcrumb\":{\"@id\":\"http:\/\/www.herschdurfer-karneval.de\/wpr\/?p=3122#breadcrumb\"},\"inLanguage\":\"de\",\"potentialAction\":[{\"@type\":\"ReadAction\",\"target\":[\"http:\/\/www.herschdurfer-karneval.de\/wpr\/?p=3122\"]}]},{\"@type\":\"ImageObject\",\"inLanguage\":\"de\",\"@id\":\"http:\/\/www.herschdurfer-karneval.de\/wpr\/?p=3122#primaryimage\",\"url\":\"http:\/\/www.herschdurfer-karneval.de\/wpr\/wp-content\/uploads\/2020\/03\/IMG_3002.jpg\",\"contentUrl\":\"http:\/\/www.herschdurfer-karneval.de\/wpr\/wp-content\/uploads\/2020\/03\/IMG_3002.jpg\",\"width\":800,\"height\":532},{\"@type\":\"BreadcrumbList\",\"@id\":\"http:\/\/www.herschdurfer-karneval.de\/wpr\/?p=3122#breadcrumb\",\"itemListElement\":[{\"@type\":\"ListItem\",\"position\":1,\"name\":\"Startseite\",\"item\":\"http:\/\/www.herschdurfer-karneval.de\/wpr\"},{\"@type\":\"ListItem\",\"position\":2,\"name\":\"Die Gemeindeverwaltung zieht nach\"}]},{\"@type\":\"WebSite\",\"@id\":\"http:\/\/www.herschdurfer-karneval.de\/wpr\/#website\",\"url\":\"http:\/\/www.herschdurfer-karneval.de\/wpr\/\",\"name\":\"Herschdurfer Karneval\",\"description\":\"Die Webpr\u00e4senz des Mittelherwigsdorfer Karnevalsvereins.\",\"publisher\":{\"@id\":\"http:\/\/www.herschdurfer-karneval.de\/wpr\/#organization\"},\"potentialAction\":[{\"@type\":\"SearchAction\",\"target\":{\"@type\":\"EntryPoint\",\"urlTemplate\":\"http:\/\/www.herschdurfer-karneval.de\/wpr\/?s={search_term_string}\"},\"query-input\":{\"@type\":\"PropertyValueSpecification\",\"valueRequired\":true,\"valueName\":\"search_term_string\"}}],\"inLanguage\":\"de\"},{\"@type\":\"Organization\",\"@id\":\"http:\/\/www.herschdurfer-karneval.de\/wpr\/#organization\",\"name\":\"Herschdurfer Karnevalsverein e.V.\",\"alternateName\":\"HKV\",\"url\":\"http:\/\/www.herschdurfer-karneval.de\/wpr\/\",\"logo\":{\"@type\":\"ImageObject\",\"inLanguage\":\"de\",\"@id\":\"http:\/\/www.herschdurfer-karneval.de\/wpr\/#\/schema\/logo\/image\/\",\"url\":\"http:\/\/www.herschdurfer-karneval.de\/wpr\/wp-content\/uploads\/2020\/03\/hkv-logo_800x800_-BonW_noGrad.png\",\"contentUrl\":\"http:\/\/www.herschdurfer-karneval.de\/wpr\/wp-content\/uploads\/2020\/03\/hkv-logo_800x800_-BonW_noGrad.png\",\"width\":800,\"height\":800,\"caption\":\"Herschdurfer Karnevalsverein e.V.\"},\"image\":{\"@id\":\"http:\/\/www.herschdurfer-karneval.de\/wpr\/#\/schema\/logo\/image\/\"},\"sameAs\":[\"https:\/\/www.facebook.com\/HerschdurferKarneval\",\"https:\/\/x.com\/MihedoKarneval\"]},{\"@type\":\"Person\",\"@id\":\"http:\/\/www.herschdurfer-karneval.de\/wpr\/#\/schema\/person\/348195a70aeab304b6d33cad8a97ae1e\",\"name\":\"ccclaus\",\"image\":{\"@type\":\"ImageObject\",\"inLanguage\":\"de\",\"@id\":\"http:\/\/www.herschdurfer-karneval.de\/wpr\/#\/schema\/person\/image\/\",\"url\":\"https:\/\/secure.gravatar.com\/avatar\/bfb0a99cf724a24e26256534f6be6749050c1d32a883222c283c46e52e6586ec?s=96&d=blank&r=g\",\"contentUrl\":\"https:\/\/secure.gravatar.com\/avatar\/bfb0a99cf724a24e26256534f6be6749050c1d32a883222c283c46e52e6586ec?s=96&d=blank&r=g\",\"caption\":\"ccclaus\"}}]}<\/script>\n<!-- \/ Yoast SEO plugin. -->","yoast_head_json":{"title":"Die Gemeindeverwaltung zieht nach - Herschdurfer Karneval","robots":{"index":"index","follow":"follow","max-snippet":"max-snippet:-1","max-image-preview":"max-image-preview:large","max-video-preview":"max-video-preview:-1"},"canonical":"http:\/\/www.herschdurfer-karneval.de\/wpr\/?p=3122","og_locale":"de_DE","og_type":"article","og_title":"Die Gemeindeverwaltung zieht nach - Herschdurfer Karneval","og_description":"Zum Faschingsdienstag fand nicht nur die traditionelle R\u00fcckgabe von Amtsschl\u00fcssel und der leeren Gemeindekasse statt. Auch war die Gemeindeverwaltung Mittelherwigsdorf angetreten, um den ersten Teil ihrer Wette umzusetzen: Entsprechend der vom HKV vorgegebene Liste trat sie voll kost\u00fcmiert zu einer kleinen &#8222;Modenschau&#8220; auf. Das stie\u00df im gut gef\u00fcllten Vereinshaus auf \u2026 Hier klicken f\u00fcr den vollst\u00e4ndigen Artikel. &rarr;","og_url":"http:\/\/www.herschdurfer-karneval.de\/wpr\/?p=3122","og_site_name":"Herschdurfer Karneval","article_publisher":"https:\/\/www.facebook.com\/HerschdurferKarneval","article_published_time":"2020-02-28T10:11:53+00:00","article_modified_time":"2020-03-01T10:26:50+00:00","og_image":[{"url":"http:\/\/www.herschdurfer-karneval.de\/wpr\/wp-content\/uploads\/2020\/03\/IMG_3002-800x532.jpg","type":"","width":"","height":""}],"author":"ccclaus","twitter_card":"summary_large_image","twitter_creator":"@MihedoKarneval","twitter_site":"@MihedoKarneval","twitter_misc":{"Verfasst von":"ccclaus","Gesch\u00e4tzte Lesezeit":"1\u00a0Minute"},"schema":{"@context":"https:\/\/schema.org","@graph":[{"@type":"Article","@id":"http:\/\/www.herschdurfer-karneval.de\/wpr\/?p=3122#article","isPartOf":{"@id":"http:\/\/www.herschdurfer-karneval.de\/wpr\/?p=3122"},"author":{"name":"ccclaus","@id":"http:\/\/www.herschdurfer-karneval.de\/wpr\/#\/schema\/person\/348195a70aeab304b6d33cad8a97ae1e"},"headline":"Die Gemeindeverwaltung zieht nach","datePublished":"2020-02-28T10:11:53+00:00","dateModified":"2020-03-01T10:26:50+00:00","mainEntityOfPage":{"@id":"http:\/\/www.herschdurfer-karneval.de\/wpr\/?p=3122"},"wordCount":157,"commentCount":0,"publisher":{"@id":"http:\/\/www.herschdurfer-karneval.de\/wpr\/#organization"},"image":{"@id":"http:\/\/www.herschdurfer-karneval.de\/wpr\/?p=3122#primaryimage"},"thumbnailUrl":"http:\/\/www.herschdurfer-karneval.de\/wpr\/wp-content\/uploads\/2020\/03\/IMG_3002-800x532.jpg","keywords":["Fasching","Faschingsdienstag","Gemeinde","Gemeindeverwaltung","Gewinn","Herschdurf","Mittelherwigsdorf","Wette","Wetteinsatz","Zauberwald"],"articleSection":["Aktuelles"],"inLanguage":"de","potentialAction":[{"@type":"CommentAction","name":"Comment","target":["http:\/\/www.herschdurfer-karneval.de\/wpr\/?p=3122#respond"]}]},{"@type":"WebPage","@id":"http:\/\/www.herschdurfer-karneval.de\/wpr\/?p=3122","url":"http:\/\/www.herschdurfer-karneval.de\/wpr\/?p=3122","name":"Die Gemeindeverwaltung zieht nach - Herschdurfer Karneval","isPartOf":{"@id":"http:\/\/www.herschdurfer-karneval.de\/wpr\/#website"},"primaryImageOfPage":{"@id":"http:\/\/www.herschdurfer-karneval.de\/wpr\/?p=3122#primaryimage"},"image":{"@id":"http:\/\/www.herschdurfer-karneval.de\/wpr\/?p=3122#primaryimage"},"thumbnailUrl":"http:\/\/www.herschdurfer-karneval.de\/wpr\/wp-content\/uploads\/2020\/03\/IMG_3002-800x532.jpg","datePublished":"2020-02-28T10:11:53+00:00","dateModified":"2020-03-01T10:26:50+00:00","breadcrumb":{"@id":"http:\/\/www.herschdurfer-karneval.de\/wpr\/?p=3122#breadcrumb"},"inLanguage":"de","potentialAction":[{"@type":"ReadAction","target":["http:\/\/www.herschdurfer-karneval.de\/wpr\/?p=3122"]}]},{"@type":"ImageObject","inLanguage":"de","@id":"http:\/\/www.herschdurfer-karneval.de\/wpr\/?p=3122#primaryimage","url":"http:\/\/www.herschdurfer-karneval.de\/wpr\/wp-content\/uploads\/2020\/03\/IMG_3002.jpg","contentUrl":"http:\/\/www.herschdurfer-karneval.de\/wpr\/wp-content\/uploads\/2020\/03\/IMG_3002.jpg","width":800,"height":532},{"@type":"BreadcrumbList","@id":"http:\/\/www.herschdurfer-karneval.de\/wpr\/?p=3122#breadcrumb","itemListElement":[{"@type":"ListItem","position":1,"name":"Startseite","item":"http:\/\/www.herschdurfer-karneval.de\/wpr"},{"@type":"ListItem","position":2,"name":"Die Gemeindeverwaltung zieht nach"}]},{"@type":"WebSite","@id":"http:\/\/www.herschdurfer-karneval.de\/wpr\/#website","url":"http:\/\/www.herschdurfer-karneval.de\/wpr\/","name":"Herschdurfer Karneval","description":"Die Webpr\u00e4senz des Mittelherwigsdorfer Karnevalsvereins.","publisher":{"@id":"http:\/\/www.herschdurfer-karneval.de\/wpr\/#organization"},"potentialAction":[{"@type":"SearchAction","target":{"@type":"EntryPoint","urlTemplate":"http:\/\/www.herschdurfer-karneval.de\/wpr\/?s={search_term_string}"},"query-input":{"@type":"PropertyValueSpecification","valueRequired":true,"valueName":"search_term_string"}}],"inLanguage":"de"},{"@type":"Organization","@id":"http:\/\/www.herschdurfer-karneval.de\/wpr\/#organization","name":"Herschdurfer Karnevalsverein e.V.","alternateName":"HKV","url":"http:\/\/www.herschdurfer-karneval.de\/wpr\/","logo":{"@type":"ImageObject","inLanguage":"de","@id":"http:\/\/www.herschdurfer-karneval.de\/wpr\/#\/schema\/logo\/image\/","url":"http:\/\/www.herschdurfer-karneval.de\/wpr\/wp-content\/uploads\/2020\/03\/hkv-logo_800x800_-BonW_noGrad.png","contentUrl":"http:\/\/www.herschdurfer-karneval.de\/wpr\/wp-content\/uploads\/2020\/03\/hkv-logo_800x800_-BonW_noGrad.png","width":800,"height":800,"caption":"Herschdurfer Karnevalsverein e.V."},"image":{"@id":"http:\/\/www.herschdurfer-karneval.de\/wpr\/#\/schema\/logo\/image\/"},"sameAs":["https:\/\/www.facebook.com\/HerschdurferKarneval","https:\/\/x.com\/MihedoKarneval"]},{"@type":"Person","@id":"http:\/\/www.herschdurfer-karneval.de\/wpr\/#\/schema\/person\/348195a70aeab304b6d33cad8a97ae1e","name":"ccclaus","image":{"@type":"ImageObject","inLanguage":"de","@id":"http:\/\/www.herschdurfer-karneval.de\/wpr\/#\/schema\/person\/image\/","url":"https:\/\/secure.gravatar.com\/avatar\/bfb0a99cf724a24e26256534f6be6749050c1d32a883222c283c46e52e6586ec?s=96&d=blank&r=g","contentUrl":"https:\/\/secure.gravatar.com\/avatar\/bfb0a99cf724a24e26256534f6be6749050c1d32a883222c283c46e52e6586ec?s=96&d=blank&r=g","caption":"ccclaus"}}]}},"_links":{"self":[{"href":"http:\/\/www.herschdurfer-karneval.de\/wpr\/index.php?rest_route=\/wp\/v2\/posts\/3122","targetHints":{"allow":["GET"]}}],"collection":[{"href":"http:\/\/www.herschdurfer-karneval.de\/wpr\/index.php?rest_route=\/wp\/v2\/posts"}],"about":[{"href":"http:\/\/www.herschdurfer-karneval.de\/wpr\/index.php?rest_route=\/wp\/v2\/types\/post"}],"author":[{"embeddable":true,"href":"http:\/\/www.herschdurfer-karneval.de\/wpr\/index.php?rest_route=\/wp\/v2\/users\/1"}],"replies":[{"embeddable":true,"href":"http:\/\/www.herschdurfer-karneval.de\/wpr\/index.php?rest_route=%2Fwp%2Fv2%2Fcomments&post=3122"}],"version-history":[{"count":2,"href":"http:\/\/www.herschdurfer-karneval.de\/wpr\/index.php?rest_route=\/wp\/v2\/posts\/3122\/revisions"}],"predecessor-version":[{"id":3125,"href":"http:\/\/www.herschdurfer-karneval.de\/wpr\/index.php?rest_route=\/wp\/v2\/posts\/3122\/revisions\/3125"}],"wp:attachment":[{"href":"http:\/\/www.herschdurfer-karneval.de\/wpr\/index.php?rest_route=%2Fwp%2Fv2%2Fmedia&parent=3122"}],"wp:term":[{"taxonomy":"category","embeddable":true,"href":"http:\/\/www.herschdurfer-karneval.de\/wpr\/index.php?rest_route=%2Fwp%2Fv2%2Fcategories&post=3122"},{"taxonomy":"post_tag","embeddable":true,"href":"http:\/\/www.herschdurfer-karneval.de\/wpr\/index.php?rest_route=%2Fwp%2Fv2%2Ftags&post=3122"}],"curies":[{"name":"wp","href":"https:\/\/api.w.org\/{rel}","templated":true}]}}