{"id":3798,"date":"2023-11-19T16:00:35","date_gmt":"2023-11-19T15:00:35","guid":{"rendered":"http:\/\/www.herschdurfer-karneval.de\/wpr\/?p=3798"},"modified":"2023-11-19T16:11:22","modified_gmt":"2023-11-19T15:11:22","slug":"aufbruch-in-weitere-naerrische-zeiten","status":"publish","type":"post","link":"http:\/\/www.herschdurfer-karneval.de\/wpr\/?p=3798","title":{"rendered":"Aufbruch in weitere n\u00e4rrische Zeiten"},"content":{"rendered":"\n<p>Man sollte meinen, wenn man schon das Gl\u00fcck hat, dass der 11.11. in diesem Jahr vorteilhaft auf einen Sonnabend f\u00e4llt, wird zumindest das Wetter nicht mitspielen. Aber weit gefehlt: Der \u00fcbliche Herbstregen blieb aus und es lie\u00df sich sogar die Sonne blicken, als sich am Samstagvormittag ein bunt gemischtes V\u00f6lkchen am Herschdurfer Horth\u00e4usl sammelte. Zur diesj\u00e4hrigen &#8222;N\u00e4rrischen Saisoner\u00f6ffnung&#8220; war n\u00e4mlich auch ein kleiner Festumzug geplant, zu dem sich erfreulicherweise viele Kinder aus und rund um Mittelherwigsdorf mit ihren Eltern einfanden. Nun wurde noch eiligst der Musikhandwagen des Herschdurfer Karnevalsvereins mit GEMA-freier Musik best\u00fcckt, Aufstellung genommen und schon bald setzte sich der Umzug in Richtung Gemeindeamt in Bewegung.<\/p>\n\n\n\n<figure class=\"wp-block-gallery has-nested-images columns-default is-cropped wp-block-gallery-1 is-layout-flex wp-block-gallery-is-layout-flex\">\n<figure class=\"wp-block-image size-large\"><a href=\"http:\/\/www.herschdurfer-karneval.de\/wpr\/wp-content\/uploads\/2023\/11\/Eroeffnung_2023_DSC_0936-1.jpg\"><img loading=\"lazy\" decoding=\"async\" width=\"800\" height=\"532\" data-id=\"3800\" src=\"http:\/\/www.herschdurfer-karneval.de\/wpr\/wp-content\/uploads\/2023\/11\/Eroeffnung_2023_DSC_0936-1-800x532.jpg\" alt=\"\" class=\"wp-image-3800\" srcset=\"http:\/\/www.herschdurfer-karneval.de\/wpr\/wp-content\/uploads\/2023\/11\/Eroeffnung_2023_DSC_0936-1-800x532.jpg 800w, http:\/\/www.herschdurfer-karneval.de\/wpr\/wp-content\/uploads\/2023\/11\/Eroeffnung_2023_DSC_0936-1-400x266.jpg 400w, http:\/\/www.herschdurfer-karneval.de\/wpr\/wp-content\/uploads\/2023\/11\/Eroeffnung_2023_DSC_0936-1-768x511.jpg 768w, http:\/\/www.herschdurfer-karneval.de\/wpr\/wp-content\/uploads\/2023\/11\/Eroeffnung_2023_DSC_0936-1-1536x1021.jpg 1536w, http:\/\/www.herschdurfer-karneval.de\/wpr\/wp-content\/uploads\/2023\/11\/Eroeffnung_2023_DSC_0936-1-150x100.jpg 150w, http:\/\/www.herschdurfer-karneval.de\/wpr\/wp-content\/uploads\/2023\/11\/Eroeffnung_2023_DSC_0936-1-226x150.jpg 226w, http:\/\/www.herschdurfer-karneval.de\/wpr\/wp-content\/uploads\/2023\/11\/Eroeffnung_2023_DSC_0936-1.jpg 1600w\" sizes=\"auto, (max-width: 800px) 100vw, 800px\" \/><\/a><\/figure>\n\n\n\n<figure class=\"wp-block-image size-large\"><a href=\"http:\/\/www.herschdurfer-karneval.de\/wpr\/wp-content\/uploads\/2023\/11\/Eroeffnung_2023_DSC_0975.jpg\"><img loading=\"lazy\" decoding=\"async\" width=\"800\" height=\"532\" data-id=\"3801\" src=\"http:\/\/www.herschdurfer-karneval.de\/wpr\/wp-content\/uploads\/2023\/11\/Eroeffnung_2023_DSC_0975-800x532.jpg\" alt=\"\" class=\"wp-image-3801\" srcset=\"http:\/\/www.herschdurfer-karneval.de\/wpr\/wp-content\/uploads\/2023\/11\/Eroeffnung_2023_DSC_0975-800x532.jpg 800w, http:\/\/www.herschdurfer-karneval.de\/wpr\/wp-content\/uploads\/2023\/11\/Eroeffnung_2023_DSC_0975-400x266.jpg 400w, http:\/\/www.herschdurfer-karneval.de\/wpr\/wp-content\/uploads\/2023\/11\/Eroeffnung_2023_DSC_0975-768x511.jpg 768w, http:\/\/www.herschdurfer-karneval.de\/wpr\/wp-content\/uploads\/2023\/11\/Eroeffnung_2023_DSC_0975-1536x1021.jpg 1536w, http:\/\/www.herschdurfer-karneval.de\/wpr\/wp-content\/uploads\/2023\/11\/Eroeffnung_2023_DSC_0975-150x100.jpg 150w, http:\/\/www.herschdurfer-karneval.de\/wpr\/wp-content\/uploads\/2023\/11\/Eroeffnung_2023_DSC_0975-226x150.jpg 226w, http:\/\/www.herschdurfer-karneval.de\/wpr\/wp-content\/uploads\/2023\/11\/Eroeffnung_2023_DSC_0975.jpg 1600w\" sizes=\"auto, (max-width: 800px) 100vw, 800px\" \/><\/a><\/figure>\n\n\n\n<figure class=\"wp-block-image size-large\"><a href=\"http:\/\/www.herschdurfer-karneval.de\/wpr\/wp-content\/uploads\/2023\/11\/Eroeffnung_2023_DSC_0987.jpg\"><img loading=\"lazy\" decoding=\"async\" width=\"800\" height=\"532\" data-id=\"3802\" src=\"http:\/\/www.herschdurfer-karneval.de\/wpr\/wp-content\/uploads\/2023\/11\/Eroeffnung_2023_DSC_0987-800x532.jpg\" alt=\"\" class=\"wp-image-3802\" srcset=\"http:\/\/www.herschdurfer-karneval.de\/wpr\/wp-content\/uploads\/2023\/11\/Eroeffnung_2023_DSC_0987-800x532.jpg 800w, http:\/\/www.herschdurfer-karneval.de\/wpr\/wp-content\/uploads\/2023\/11\/Eroeffnung_2023_DSC_0987-400x266.jpg 400w, http:\/\/www.herschdurfer-karneval.de\/wpr\/wp-content\/uploads\/2023\/11\/Eroeffnung_2023_DSC_0987-768x511.jpg 768w, http:\/\/www.herschdurfer-karneval.de\/wpr\/wp-content\/uploads\/2023\/11\/Eroeffnung_2023_DSC_0987-1536x1021.jpg 1536w, http:\/\/www.herschdurfer-karneval.de\/wpr\/wp-content\/uploads\/2023\/11\/Eroeffnung_2023_DSC_0987-150x100.jpg 150w, http:\/\/www.herschdurfer-karneval.de\/wpr\/wp-content\/uploads\/2023\/11\/Eroeffnung_2023_DSC_0987-226x150.jpg 226w, http:\/\/www.herschdurfer-karneval.de\/wpr\/wp-content\/uploads\/2023\/11\/Eroeffnung_2023_DSC_0987.jpg 1600w\" sizes=\"auto, (max-width: 800px) 100vw, 800px\" \/><\/a><\/figure>\n<\/figure>\n\n\n\n<p>Trotzdem die Baustelle vor der Grundschule hier einen Engpass darstellte, kam der bunte Umzug sogar noch vor der geplanten Zeit am Ziel an. Hier hatte die Gemeindeverwaltung schon den Gl\u00fchwein aufgew\u00e4rmt und die ersten Bratw\u00fcrste auf den Grillrost gelegt; all das unter dem kontrollierenden Blicken des B\u00fcrgermeisters Markus Hallmann, der sich auf dem Balkon \u00fcber das sich anbahnende festliche Treiben \u00dcbersicht verschaffte.<\/p>\n\n\n\n<p>Die \u00fcbrigen Minuten bis 11:11 Uhr wurden routiniert mit Bonbonw\u00fcrfen \u00fcberbr\u00fcckt, damit &#8222;der Zahnarzt auch noch was zu tun bekommt&#8220;. Im Anschluss begeisterten die Minifunken das Publikum mit einem neuen Funkentanz, den sie mit Romy Schimpf, unserer Ministerin f\u00fcr Jugendarbeit und Nachwuchsf\u00f6rderung, eigens einstudiert haben. Eine tolle Vorstellung!<\/p>\n\n\n\n<p>Punkt 11 Uhr 11 brach dann mit der Verk\u00fcndung des neuen Faschingsthemas die n\u00e4rrische Saison in Herschdurf an. Das Thema sollte sich mittlerweile herumgesprochen haben, doch soll es hier dennoch nochmal benannt werden. Es lautet:<\/p>\n\n\n\n<p class=\"has-white-color has-vivid-red-background-color has-text-color has-background\">\u201eDer Sonnenk\u00f6nig kriegt nen Schock: Der HKV macht jetzt Barock!\u201c<\/p>\n\n\n\n<figure class=\"wp-block-image size-full\"><img loading=\"lazy\" decoding=\"async\" width=\"800\" height=\"533\" src=\"http:\/\/www.herschdurfer-karneval.de\/wpr\/wp-content\/uploads\/2023\/11\/kalender_2023_v04.png\" alt=\"\" class=\"wp-image-3779\" srcset=\"http:\/\/www.herschdurfer-karneval.de\/wpr\/wp-content\/uploads\/2023\/11\/kalender_2023_v04.png 800w, http:\/\/www.herschdurfer-karneval.de\/wpr\/wp-content\/uploads\/2023\/11\/kalender_2023_v04-400x267.png 400w, http:\/\/www.herschdurfer-karneval.de\/wpr\/wp-content\/uploads\/2023\/11\/kalender_2023_v04-768x512.png 768w, http:\/\/www.herschdurfer-karneval.de\/wpr\/wp-content\/uploads\/2023\/11\/kalender_2023_v04-150x100.png 150w, http:\/\/www.herschdurfer-karneval.de\/wpr\/wp-content\/uploads\/2023\/11\/kalender_2023_v04-225x150.png 225w\" sizes=\"auto, (max-width: 800px) 100vw, 800px\" \/><\/figure>\n\n\n\n<p>Kost\u00fcmtechnisch kann man also bei den kommenden Veranstaltungen im Vereinshaus alle Register ziehen. Wir sind schon sehr gespannt!<\/p>\n\n\n\n<p>Damit die Narren in den n\u00e4chsten Monaten die Gemeindeverwaltung so richtig auf den Kopf stellen k\u00f6nnen, wurde als weiterer Festakt der Amtsschl\u00fcssel an den Karnevalspr\u00e4sidenten Paul Roscher  \u00fcbergeben. Dass die feierlich herangetragene Gemeindekasse au\u00dfer den Wettbriefen und ein paar Luftschlangen leer war, wunderte niemanden und wurde vom Pr\u00e4sidenten nur mit einem m\u00fcden wissenden L\u00e4cheln quittiert. Und so kam man, statt Geldscheinb\u00fcndel zu z\u00e4hlen, gleich ohne Umschweife dazu, die Wettaufgaben zu verlesen.<\/p>\n\n\n\n<figure class=\"wp-block-gallery has-nested-images columns-default is-cropped wp-block-gallery-2 is-layout-flex wp-block-gallery-is-layout-flex\">\n<figure class=\"wp-block-image size-large\"><a href=\"http:\/\/www.herschdurfer-karneval.de\/wpr\/wp-content\/uploads\/2023\/11\/Eroeffnung_2023_DSC_1003.jpg\"><img loading=\"lazy\" decoding=\"async\" width=\"800\" height=\"532\" data-id=\"3803\" src=\"http:\/\/www.herschdurfer-karneval.de\/wpr\/wp-content\/uploads\/2023\/11\/Eroeffnung_2023_DSC_1003-800x532.jpg\" alt=\"\" class=\"wp-image-3803\" srcset=\"http:\/\/www.herschdurfer-karneval.de\/wpr\/wp-content\/uploads\/2023\/11\/Eroeffnung_2023_DSC_1003-800x532.jpg 800w, http:\/\/www.herschdurfer-karneval.de\/wpr\/wp-content\/uploads\/2023\/11\/Eroeffnung_2023_DSC_1003-400x266.jpg 400w, http:\/\/www.herschdurfer-karneval.de\/wpr\/wp-content\/uploads\/2023\/11\/Eroeffnung_2023_DSC_1003-768x511.jpg 768w, http:\/\/www.herschdurfer-karneval.de\/wpr\/wp-content\/uploads\/2023\/11\/Eroeffnung_2023_DSC_1003-1536x1021.jpg 1536w, http:\/\/www.herschdurfer-karneval.de\/wpr\/wp-content\/uploads\/2023\/11\/Eroeffnung_2023_DSC_1003-150x100.jpg 150w, http:\/\/www.herschdurfer-karneval.de\/wpr\/wp-content\/uploads\/2023\/11\/Eroeffnung_2023_DSC_1003-226x150.jpg 226w, http:\/\/www.herschdurfer-karneval.de\/wpr\/wp-content\/uploads\/2023\/11\/Eroeffnung_2023_DSC_1003.jpg 1600w\" sizes=\"auto, (max-width: 800px) 100vw, 800px\" \/><\/a><\/figure>\n\n\n\n<figure class=\"wp-block-image size-large\"><a href=\"http:\/\/www.herschdurfer-karneval.de\/wpr\/wp-content\/uploads\/2023\/11\/Eroeffnung_2023_DSC_1009.jpg\"><img loading=\"lazy\" decoding=\"async\" width=\"800\" height=\"532\" data-id=\"3805\" src=\"http:\/\/www.herschdurfer-karneval.de\/wpr\/wp-content\/uploads\/2023\/11\/Eroeffnung_2023_DSC_1009-800x532.jpg\" alt=\"\" class=\"wp-image-3805\" srcset=\"http:\/\/www.herschdurfer-karneval.de\/wpr\/wp-content\/uploads\/2023\/11\/Eroeffnung_2023_DSC_1009-800x532.jpg 800w, http:\/\/www.herschdurfer-karneval.de\/wpr\/wp-content\/uploads\/2023\/11\/Eroeffnung_2023_DSC_1009-400x266.jpg 400w, http:\/\/www.herschdurfer-karneval.de\/wpr\/wp-content\/uploads\/2023\/11\/Eroeffnung_2023_DSC_1009-768x511.jpg 768w, http:\/\/www.herschdurfer-karneval.de\/wpr\/wp-content\/uploads\/2023\/11\/Eroeffnung_2023_DSC_1009-1536x1021.jpg 1536w, http:\/\/www.herschdurfer-karneval.de\/wpr\/wp-content\/uploads\/2023\/11\/Eroeffnung_2023_DSC_1009-150x100.jpg 150w, http:\/\/www.herschdurfer-karneval.de\/wpr\/wp-content\/uploads\/2023\/11\/Eroeffnung_2023_DSC_1009-226x150.jpg 226w, http:\/\/www.herschdurfer-karneval.de\/wpr\/wp-content\/uploads\/2023\/11\/Eroeffnung_2023_DSC_1009.jpg 1600w\" sizes=\"auto, (max-width: 800px) 100vw, 800px\" \/><\/a><\/figure>\n\n\n\n<figure class=\"wp-block-image size-large\"><a href=\"http:\/\/www.herschdurfer-karneval.de\/wpr\/wp-content\/uploads\/2023\/11\/Eroeffnung_2023_DSC_1019.jpg\"><img loading=\"lazy\" decoding=\"async\" width=\"800\" height=\"532\" data-id=\"3804\" src=\"http:\/\/www.herschdurfer-karneval.de\/wpr\/wp-content\/uploads\/2023\/11\/Eroeffnung_2023_DSC_1019-800x532.jpg\" alt=\"\" class=\"wp-image-3804\" srcset=\"http:\/\/www.herschdurfer-karneval.de\/wpr\/wp-content\/uploads\/2023\/11\/Eroeffnung_2023_DSC_1019-800x532.jpg 800w, http:\/\/www.herschdurfer-karneval.de\/wpr\/wp-content\/uploads\/2023\/11\/Eroeffnung_2023_DSC_1019-400x266.jpg 400w, http:\/\/www.herschdurfer-karneval.de\/wpr\/wp-content\/uploads\/2023\/11\/Eroeffnung_2023_DSC_1019-768x511.jpg 768w, http:\/\/www.herschdurfer-karneval.de\/wpr\/wp-content\/uploads\/2023\/11\/Eroeffnung_2023_DSC_1019-1536x1021.jpg 1536w, http:\/\/www.herschdurfer-karneval.de\/wpr\/wp-content\/uploads\/2023\/11\/Eroeffnung_2023_DSC_1019-150x100.jpg 150w, http:\/\/www.herschdurfer-karneval.de\/wpr\/wp-content\/uploads\/2023\/11\/Eroeffnung_2023_DSC_1019-226x150.jpg 226w, http:\/\/www.herschdurfer-karneval.de\/wpr\/wp-content\/uploads\/2023\/11\/Eroeffnung_2023_DSC_1019.jpg 1600w\" sizes=\"auto, (max-width: 800px) 100vw, 800px\" \/><\/a><\/figure>\n<\/figure>\n\n\n\n<p>Die Aufgabe des HKV an die Gemeindeverwaltung lautet diesmal:<\/p>\n\n\n\n<p class=\"has-luminous-vivid-amber-background-color has-background\">Lauschet der Verk\u00fcndung des Wetteinsatzes!<br><br>Der Ortsvorsteher war es, der verlauten lie\u00df, ihm gel\u00fcstet es nach einer Aufgabe, bei der wir gemeinsam die Becher erheben k\u00f6nnen, denn sein Gefolge w\u00fcrde das gut k\u00f6nnen. So kam es nun, dass wir am 11. des Februars 2024 im Orte Schirgiswalde geladen sind, um ein pr\u00e4chtiges Fest nebst Umzug zu feiern. Dies soll f\u00fcr uns alle der Anlass sein, gemeinsam die Kelche zu erheben.<br><br>Da Ortsvorsteher und Gefolge nun darum bettelten, sollen sie daf\u00fcr sorgen, dass ausreichend Verk\u00f6stigung f\u00fcr unsere Festgesellschaft zur Verf\u00fcgung steht. Auch sollten der Ortsvorsteher und seine Mannen beachten, dass es Gepflogenheit ist, sich f\u00fcr diesen Anlass entsprechend in edle Kleider zu h\u00fcllen. Die Mannen und M\u00e4gde des HKV sind schon \u00e4u\u00dferst freudig gestimmt, das Fest gemeinsam zu begehen und verlauten darauf ein einfaches <strong>Kummt ock rei!<\/strong><br><br><em>Hei\u00dft im Klartext:<br>Wir m\u00f6chten, dass ihr mit uns zum Faschingsumzug in Schirgiswalde kommt. Wir bitten euch f\u00fcr die Verpflegung w\u00e4hrend des Umzuges zu sorgen und uns in themagerechter Kleidung mit repr\u00e4sentiert.<br>Um den Transport hin und zur\u00fcck k\u00fcmmern wir uns nat\u00fcrlich!<\/em><\/p>\n\n\n\n<p>Die Aufgabe der Gemeindeverwaltung an den HKV zur angebrochenen 45. Faschingssaison lautet:<\/p>\n\n\n\n<p class=\"has-light-green-cyan-background-color has-background\">Neben des gegenseitig gestellten \u00fcberaus anspruchsvollen Aufgaben der letzten Jahre ist es nun an der Zeit, den wechselseitigen &#8222;\u00dcberbietungswettbewerb&#8220; etwas zur\u00fcckzufahren. Daher bitten wir die Mitglieder des HKV im Jahre 2023 um folgendes:<br><br>Dringt am Vorabend des 6. Dezember 2023 heimlich in die Garderobe des Herschdurfer Hort-H\u00e4usls ein and f\u00fcllt die vorhandenen Kinderschuhe bis zum Rand mit allem, was auch Nikolaus im Gep\u00e4ck h\u00e4tte, Etwas Werbung f\u00fcr den HKV und seinen Kinderfasching ist dabei ausdr\u00fccklich erw\u00fcnscht.<br><br>Wenn die \u00dcberraschung gelingt, die Kinder sich freuen und bei der Gemeindeverwaltung bis 11:11 Uhr am Nikolaustag ein entsprechendes Beweisfoto eingeht, gilt die Aufgabe als erf\u00fcllt.<br><br>Daf\u00fcr w\u00fcnschen wir euch viel Erfolg!<\/p>\n\n\n\n<p>Verglichen mit den sehr anspruchsvollen Aufgaben der letzten Jahre k\u00f6nnen also alle Beteiligten dieses Jahr &#8222;einen Gang zur\u00fcckschalten&#8220;. Das wurde erleichtert zur Kenntnis genommen und sorgte sicher auch daf\u00fcr, dass die Feierlichkeiten noch lange weitergingen und am Nachmittag ins Vereinshaus verlagert wurden (womit auch diese Berichterstattung enden soll).<\/p>\n\n\n\n<p>Wir m\u00f6chten uns hiermit bei der Gemeindeverwaltung f\u00fcr die vorbildliche Bewirtung aller G\u00e4ste bedanken. Ebenso danken wir allen gro\u00dfen und kleinen G\u00e4sten, die mit uns die Saisoner\u00f6ffnung gefeiert haben! Wir freuen uns darauf, euch alle im kommenden Jahr zu unseren Faschingsfeiern in unserem Vereinshaus begr\u00fc\u00dfen zu k\u00f6nnen. Doch bevor es soweit ist, werden wir uns nat\u00fcrlich um die Erf\u00fcllung unserer Aufgabe k\u00fcmmern. <a href=\"http:\/\/www.herschdurfer-karneval.de\/wpr\/\">Hier auf der Webseite<\/a> und auf der <a href=\"https:\/\/www.facebook.com\/HerschdurferKarneval\/\" target=\"_blank\" rel=\"noreferrer noopener\">Facebookseite des HKV<\/a> wird man in den kommenden Wochen nachlesen k\u00f6nnen, ob die Umsetzung erfolgreich war.<\/p>\n\n\n\n<p><strong>Kummt ock rei!<\/strong><\/p>\n\n\n\n<p>Euer Herschdurfer Karnevalsverein<\/p>\n\n\n\n<p><strong>P.S.:<\/strong> Weitere Fotos von der Veranstaltung findet ihr online in unserer Fotokiste: <a href=\"http:\/\/www.herschdurfer-karneval.de\/pwg\/index.php?\/category\/99\" target=\"_blank\" rel=\"noreferrer noopener\">Hier klicken!<\/a><\/p>\n","protected":false},"excerpt":{"rendered":"<p>Man sollte meinen, wenn man schon das Gl\u00fcck hat, dass der 11.11. in diesem Jahr vorteilhaft auf einen Sonnabend f\u00e4llt, wird zumindest das Wetter nicht mitspielen. Aber weit gefehlt: Der \u00fcbliche Herbstregen blieb aus und es lie\u00df sich sogar die Sonne blicken, als sich am Samstagvormittag ein bunt gemischtes V\u00f6lkchen \u2026 <a class=\"continue-reading-link\" href=\"http:\/\/www.herschdurfer-karneval.de\/wpr\/?p=3798\">Hier klicken f\u00fcr den vollst\u00e4ndigen Artikel. <span class=\"meta-nav\">&rarr; <\/span><\/a><\/p>\n","protected":false},"author":1,"featured_media":0,"comment_status":"open","ping_status":"open","sticky":false,"template":"","format":"standard","meta":{"footnotes":""},"categories":[1],"tags":[342,359,33,42,52,170,86,101],"class_list":["post-3798","post","type-post","status-publish","format-standard","hentry","category-allgemein","tag-342","tag-barock","tag-eroffnung","tag-festumzug","tag-gemeindeamt","tag-gemeindeverwaltung","tag-mittelherwigsdorf","tag-saison"],"yoast_head":"<!-- This site is optimized with the Yoast SEO plugin v26.7 - https:\/\/yoast.com\/wordpress\/plugins\/seo\/ -->\n<title>Aufbruch in weitere n\u00e4rrische Zeiten - Herschdurfer Karneval<\/title>\n<meta name=\"description\" content=\"Zur &quot;N\u00e4rrischen Saisoner\u00f6ffnung&quot; am 11.11.2023 im Mittelherwigsdorf gab es neben Faschingsthema und Wettaufgaben auch einen kleinen Umzug.\" \/>\n<meta name=\"robots\" content=\"index, follow, max-snippet:-1, max-image-preview:large, max-video-preview:-1\" \/>\n<link rel=\"canonical\" href=\"http:\/\/www.herschdurfer-karneval.de\/wpr\/?p=3798\" \/>\n<meta property=\"og:locale\" content=\"de_DE\" \/>\n<meta property=\"og:type\" content=\"article\" \/>\n<meta property=\"og:title\" content=\"Aufbruch in weitere n\u00e4rrische Zeiten - Herschdurfer Karneval\" \/>\n<meta property=\"og:description\" content=\"Zur &quot;N\u00e4rrischen Saisoner\u00f6ffnung&quot; am 11.11.2023 im Mittelherwigsdorf gab es neben Faschingsthema und Wettaufgaben auch einen kleinen Umzug.\" \/>\n<meta property=\"og:url\" content=\"http:\/\/www.herschdurfer-karneval.de\/wpr\/?p=3798\" \/>\n<meta property=\"og:site_name\" content=\"Herschdurfer Karneval\" \/>\n<meta property=\"article:publisher\" content=\"https:\/\/www.facebook.com\/HerschdurferKarneval\" \/>\n<meta property=\"article:published_time\" content=\"2023-11-19T15:00:35+00:00\" \/>\n<meta property=\"article:modified_time\" content=\"2023-11-19T15:11:22+00:00\" \/>\n<meta property=\"og:image\" content=\"http:\/\/www.herschdurfer-karneval.de\/wpr\/wp-content\/uploads\/2023\/11\/Eroeffnung_2023_DSC_0936-1-800x532.jpg\" \/>\n<meta name=\"author\" content=\"ccclaus\" \/>\n<meta name=\"twitter:card\" content=\"summary_large_image\" \/>\n<meta name=\"twitter:creator\" content=\"@MihedoKarneval\" \/>\n<meta name=\"twitter:site\" content=\"@MihedoKarneval\" \/>\n<meta name=\"twitter:label1\" content=\"Verfasst von\" \/>\n\t<meta name=\"twitter:data1\" content=\"ccclaus\" \/>\n\t<meta name=\"twitter:label2\" content=\"Gesch\u00e4tzte Lesezeit\" \/>\n\t<meta name=\"twitter:data2\" content=\"6\u00a0Minuten\" \/>\n<script type=\"application\/ld+json\" class=\"yoast-schema-graph\">{\"@context\":\"https:\/\/schema.org\",\"@graph\":[{\"@type\":\"Article\",\"@id\":\"http:\/\/www.herschdurfer-karneval.de\/wpr\/?p=3798#article\",\"isPartOf\":{\"@id\":\"http:\/\/www.herschdurfer-karneval.de\/wpr\/?p=3798\"},\"author\":{\"name\":\"ccclaus\",\"@id\":\"http:\/\/www.herschdurfer-karneval.de\/wpr\/#\/schema\/person\/348195a70aeab304b6d33cad8a97ae1e\"},\"headline\":\"Aufbruch in weitere n\u00e4rrische Zeiten\",\"datePublished\":\"2023-11-19T15:00:35+00:00\",\"dateModified\":\"2023-11-19T15:11:22+00:00\",\"mainEntityOfPage\":{\"@id\":\"http:\/\/www.herschdurfer-karneval.de\/wpr\/?p=3798\"},\"wordCount\":887,\"commentCount\":0,\"publisher\":{\"@id\":\"http:\/\/www.herschdurfer-karneval.de\/wpr\/#organization\"},\"image\":{\"@id\":\"http:\/\/www.herschdurfer-karneval.de\/wpr\/?p=3798#primaryimage\"},\"thumbnailUrl\":\"http:\/\/www.herschdurfer-karneval.de\/wpr\/wp-content\/uploads\/2023\/11\/Eroeffnung_2023_DSC_0936-1-800x532.jpg\",\"keywords\":[\"2023\",\"Barock\",\"Er\u00f6ffnung\",\"Festumzug\",\"Gemeindeamt\",\"Gemeindeverwaltung\",\"Mittelherwigsdorf\",\"Saison\"],\"inLanguage\":\"de\",\"potentialAction\":[{\"@type\":\"CommentAction\",\"name\":\"Comment\",\"target\":[\"http:\/\/www.herschdurfer-karneval.de\/wpr\/?p=3798#respond\"]}]},{\"@type\":\"WebPage\",\"@id\":\"http:\/\/www.herschdurfer-karneval.de\/wpr\/?p=3798\",\"url\":\"http:\/\/www.herschdurfer-karneval.de\/wpr\/?p=3798\",\"name\":\"Aufbruch in weitere n\u00e4rrische Zeiten - Herschdurfer Karneval\",\"isPartOf\":{\"@id\":\"http:\/\/www.herschdurfer-karneval.de\/wpr\/#website\"},\"primaryImageOfPage\":{\"@id\":\"http:\/\/www.herschdurfer-karneval.de\/wpr\/?p=3798#primaryimage\"},\"image\":{\"@id\":\"http:\/\/www.herschdurfer-karneval.de\/wpr\/?p=3798#primaryimage\"},\"thumbnailUrl\":\"http:\/\/www.herschdurfer-karneval.de\/wpr\/wp-content\/uploads\/2023\/11\/Eroeffnung_2023_DSC_0936-1-800x532.jpg\",\"datePublished\":\"2023-11-19T15:00:35+00:00\",\"dateModified\":\"2023-11-19T15:11:22+00:00\",\"description\":\"Zur \\\"N\u00e4rrischen Saisoner\u00f6ffnung\\\" am 11.11.2023 im Mittelherwigsdorf gab es neben Faschingsthema und Wettaufgaben auch einen kleinen Umzug.\",\"breadcrumb\":{\"@id\":\"http:\/\/www.herschdurfer-karneval.de\/wpr\/?p=3798#breadcrumb\"},\"inLanguage\":\"de\",\"potentialAction\":[{\"@type\":\"ReadAction\",\"target\":[\"http:\/\/www.herschdurfer-karneval.de\/wpr\/?p=3798\"]}]},{\"@type\":\"ImageObject\",\"inLanguage\":\"de\",\"@id\":\"http:\/\/www.herschdurfer-karneval.de\/wpr\/?p=3798#primaryimage\",\"url\":\"http:\/\/www.herschdurfer-karneval.de\/wpr\/wp-content\/uploads\/2023\/11\/Eroeffnung_2023_DSC_0936-1.jpg\",\"contentUrl\":\"http:\/\/www.herschdurfer-karneval.de\/wpr\/wp-content\/uploads\/2023\/11\/Eroeffnung_2023_DSC_0936-1.jpg\",\"width\":1600,\"height\":1064},{\"@type\":\"BreadcrumbList\",\"@id\":\"http:\/\/www.herschdurfer-karneval.de\/wpr\/?p=3798#breadcrumb\",\"itemListElement\":[{\"@type\":\"ListItem\",\"position\":1,\"name\":\"Startseite\",\"item\":\"http:\/\/www.herschdurfer-karneval.de\/wpr\"},{\"@type\":\"ListItem\",\"position\":2,\"name\":\"Aufbruch in weitere n\u00e4rrische Zeiten\"}]},{\"@type\":\"WebSite\",\"@id\":\"http:\/\/www.herschdurfer-karneval.de\/wpr\/#website\",\"url\":\"http:\/\/www.herschdurfer-karneval.de\/wpr\/\",\"name\":\"Herschdurfer Karneval\",\"description\":\"Die Webpr\u00e4senz des Mittelherwigsdorfer Karnevalsvereins.\",\"publisher\":{\"@id\":\"http:\/\/www.herschdurfer-karneval.de\/wpr\/#organization\"},\"potentialAction\":[{\"@type\":\"SearchAction\",\"target\":{\"@type\":\"EntryPoint\",\"urlTemplate\":\"http:\/\/www.herschdurfer-karneval.de\/wpr\/?s={search_term_string}\"},\"query-input\":{\"@type\":\"PropertyValueSpecification\",\"valueRequired\":true,\"valueName\":\"search_term_string\"}}],\"inLanguage\":\"de\"},{\"@type\":\"Organization\",\"@id\":\"http:\/\/www.herschdurfer-karneval.de\/wpr\/#organization\",\"name\":\"Herschdurfer Karnevalsverein e.V.\",\"alternateName\":\"HKV\",\"url\":\"http:\/\/www.herschdurfer-karneval.de\/wpr\/\",\"logo\":{\"@type\":\"ImageObject\",\"inLanguage\":\"de\",\"@id\":\"http:\/\/www.herschdurfer-karneval.de\/wpr\/#\/schema\/logo\/image\/\",\"url\":\"http:\/\/www.herschdurfer-karneval.de\/wpr\/wp-content\/uploads\/2020\/03\/hkv-logo_800x800_-BonW_noGrad.png\",\"contentUrl\":\"http:\/\/www.herschdurfer-karneval.de\/wpr\/wp-content\/uploads\/2020\/03\/hkv-logo_800x800_-BonW_noGrad.png\",\"width\":800,\"height\":800,\"caption\":\"Herschdurfer Karnevalsverein e.V.\"},\"image\":{\"@id\":\"http:\/\/www.herschdurfer-karneval.de\/wpr\/#\/schema\/logo\/image\/\"},\"sameAs\":[\"https:\/\/www.facebook.com\/HerschdurferKarneval\",\"https:\/\/x.com\/MihedoKarneval\"]},{\"@type\":\"Person\",\"@id\":\"http:\/\/www.herschdurfer-karneval.de\/wpr\/#\/schema\/person\/348195a70aeab304b6d33cad8a97ae1e\",\"name\":\"ccclaus\",\"image\":{\"@type\":\"ImageObject\",\"inLanguage\":\"de\",\"@id\":\"http:\/\/www.herschdurfer-karneval.de\/wpr\/#\/schema\/person\/image\/\",\"url\":\"https:\/\/secure.gravatar.com\/avatar\/bfb0a99cf724a24e26256534f6be6749050c1d32a883222c283c46e52e6586ec?s=96&d=blank&r=g\",\"contentUrl\":\"https:\/\/secure.gravatar.com\/avatar\/bfb0a99cf724a24e26256534f6be6749050c1d32a883222c283c46e52e6586ec?s=96&d=blank&r=g\",\"caption\":\"ccclaus\"}}]}<\/script>\n<!-- \/ Yoast SEO plugin. -->","yoast_head_json":{"title":"Aufbruch in weitere n\u00e4rrische Zeiten - Herschdurfer Karneval","description":"Zur \"N\u00e4rrischen Saisoner\u00f6ffnung\" am 11.11.2023 im Mittelherwigsdorf gab es neben Faschingsthema und Wettaufgaben auch einen kleinen Umzug.","robots":{"index":"index","follow":"follow","max-snippet":"max-snippet:-1","max-image-preview":"max-image-preview:large","max-video-preview":"max-video-preview:-1"},"canonical":"http:\/\/www.herschdurfer-karneval.de\/wpr\/?p=3798","og_locale":"de_DE","og_type":"article","og_title":"Aufbruch in weitere n\u00e4rrische Zeiten - Herschdurfer Karneval","og_description":"Zur \"N\u00e4rrischen Saisoner\u00f6ffnung\" am 11.11.2023 im Mittelherwigsdorf gab es neben Faschingsthema und Wettaufgaben auch einen kleinen Umzug.","og_url":"http:\/\/www.herschdurfer-karneval.de\/wpr\/?p=3798","og_site_name":"Herschdurfer Karneval","article_publisher":"https:\/\/www.facebook.com\/HerschdurferKarneval","article_published_time":"2023-11-19T15:00:35+00:00","article_modified_time":"2023-11-19T15:11:22+00:00","og_image":[{"url":"http:\/\/www.herschdurfer-karneval.de\/wpr\/wp-content\/uploads\/2023\/11\/Eroeffnung_2023_DSC_0936-1-800x532.jpg","type":"","width":"","height":""}],"author":"ccclaus","twitter_card":"summary_large_image","twitter_creator":"@MihedoKarneval","twitter_site":"@MihedoKarneval","twitter_misc":{"Verfasst von":"ccclaus","Gesch\u00e4tzte Lesezeit":"6\u00a0Minuten"},"schema":{"@context":"https:\/\/schema.org","@graph":[{"@type":"Article","@id":"http:\/\/www.herschdurfer-karneval.de\/wpr\/?p=3798#article","isPartOf":{"@id":"http:\/\/www.herschdurfer-karneval.de\/wpr\/?p=3798"},"author":{"name":"ccclaus","@id":"http:\/\/www.herschdurfer-karneval.de\/wpr\/#\/schema\/person\/348195a70aeab304b6d33cad8a97ae1e"},"headline":"Aufbruch in weitere n\u00e4rrische Zeiten","datePublished":"2023-11-19T15:00:35+00:00","dateModified":"2023-11-19T15:11:22+00:00","mainEntityOfPage":{"@id":"http:\/\/www.herschdurfer-karneval.de\/wpr\/?p=3798"},"wordCount":887,"commentCount":0,"publisher":{"@id":"http:\/\/www.herschdurfer-karneval.de\/wpr\/#organization"},"image":{"@id":"http:\/\/www.herschdurfer-karneval.de\/wpr\/?p=3798#primaryimage"},"thumbnailUrl":"http:\/\/www.herschdurfer-karneval.de\/wpr\/wp-content\/uploads\/2023\/11\/Eroeffnung_2023_DSC_0936-1-800x532.jpg","keywords":["2023","Barock","Er\u00f6ffnung","Festumzug","Gemeindeamt","Gemeindeverwaltung","Mittelherwigsdorf","Saison"],"inLanguage":"de","potentialAction":[{"@type":"CommentAction","name":"Comment","target":["http:\/\/www.herschdurfer-karneval.de\/wpr\/?p=3798#respond"]}]},{"@type":"WebPage","@id":"http:\/\/www.herschdurfer-karneval.de\/wpr\/?p=3798","url":"http:\/\/www.herschdurfer-karneval.de\/wpr\/?p=3798","name":"Aufbruch in weitere n\u00e4rrische Zeiten - Herschdurfer Karneval","isPartOf":{"@id":"http:\/\/www.herschdurfer-karneval.de\/wpr\/#website"},"primaryImageOfPage":{"@id":"http:\/\/www.herschdurfer-karneval.de\/wpr\/?p=3798#primaryimage"},"image":{"@id":"http:\/\/www.herschdurfer-karneval.de\/wpr\/?p=3798#primaryimage"},"thumbnailUrl":"http:\/\/www.herschdurfer-karneval.de\/wpr\/wp-content\/uploads\/2023\/11\/Eroeffnung_2023_DSC_0936-1-800x532.jpg","datePublished":"2023-11-19T15:00:35+00:00","dateModified":"2023-11-19T15:11:22+00:00","description":"Zur \"N\u00e4rrischen Saisoner\u00f6ffnung\" am 11.11.2023 im Mittelherwigsdorf gab es neben Faschingsthema und Wettaufgaben auch einen kleinen Umzug.","breadcrumb":{"@id":"http:\/\/www.herschdurfer-karneval.de\/wpr\/?p=3798#breadcrumb"},"inLanguage":"de","potentialAction":[{"@type":"ReadAction","target":["http:\/\/www.herschdurfer-karneval.de\/wpr\/?p=3798"]}]},{"@type":"ImageObject","inLanguage":"de","@id":"http:\/\/www.herschdurfer-karneval.de\/wpr\/?p=3798#primaryimage","url":"http:\/\/www.herschdurfer-karneval.de\/wpr\/wp-content\/uploads\/2023\/11\/Eroeffnung_2023_DSC_0936-1.jpg","contentUrl":"http:\/\/www.herschdurfer-karneval.de\/wpr\/wp-content\/uploads\/2023\/11\/Eroeffnung_2023_DSC_0936-1.jpg","width":1600,"height":1064},{"@type":"BreadcrumbList","@id":"http:\/\/www.herschdurfer-karneval.de\/wpr\/?p=3798#breadcrumb","itemListElement":[{"@type":"ListItem","position":1,"name":"Startseite","item":"http:\/\/www.herschdurfer-karneval.de\/wpr"},{"@type":"ListItem","position":2,"name":"Aufbruch in weitere n\u00e4rrische Zeiten"}]},{"@type":"WebSite","@id":"http:\/\/www.herschdurfer-karneval.de\/wpr\/#website","url":"http:\/\/www.herschdurfer-karneval.de\/wpr\/","name":"Herschdurfer Karneval","description":"Die Webpr\u00e4senz des Mittelherwigsdorfer Karnevalsvereins.","publisher":{"@id":"http:\/\/www.herschdurfer-karneval.de\/wpr\/#organization"},"potentialAction":[{"@type":"SearchAction","target":{"@type":"EntryPoint","urlTemplate":"http:\/\/www.herschdurfer-karneval.de\/wpr\/?s={search_term_string}"},"query-input":{"@type":"PropertyValueSpecification","valueRequired":true,"valueName":"search_term_string"}}],"inLanguage":"de"},{"@type":"Organization","@id":"http:\/\/www.herschdurfer-karneval.de\/wpr\/#organization","name":"Herschdurfer Karnevalsverein e.V.","alternateName":"HKV","url":"http:\/\/www.herschdurfer-karneval.de\/wpr\/","logo":{"@type":"ImageObject","inLanguage":"de","@id":"http:\/\/www.herschdurfer-karneval.de\/wpr\/#\/schema\/logo\/image\/","url":"http:\/\/www.herschdurfer-karneval.de\/wpr\/wp-content\/uploads\/2020\/03\/hkv-logo_800x800_-BonW_noGrad.png","contentUrl":"http:\/\/www.herschdurfer-karneval.de\/wpr\/wp-content\/uploads\/2020\/03\/hkv-logo_800x800_-BonW_noGrad.png","width":800,"height":800,"caption":"Herschdurfer Karnevalsverein e.V."},"image":{"@id":"http:\/\/www.herschdurfer-karneval.de\/wpr\/#\/schema\/logo\/image\/"},"sameAs":["https:\/\/www.facebook.com\/HerschdurferKarneval","https:\/\/x.com\/MihedoKarneval"]},{"@type":"Person","@id":"http:\/\/www.herschdurfer-karneval.de\/wpr\/#\/schema\/person\/348195a70aeab304b6d33cad8a97ae1e","name":"ccclaus","image":{"@type":"ImageObject","inLanguage":"de","@id":"http:\/\/www.herschdurfer-karneval.de\/wpr\/#\/schema\/person\/image\/","url":"https:\/\/secure.gravatar.com\/avatar\/bfb0a99cf724a24e26256534f6be6749050c1d32a883222c283c46e52e6586ec?s=96&d=blank&r=g","contentUrl":"https:\/\/secure.gravatar.com\/avatar\/bfb0a99cf724a24e26256534f6be6749050c1d32a883222c283c46e52e6586ec?s=96&d=blank&r=g","caption":"ccclaus"}}]}},"_links":{"self":[{"href":"http:\/\/www.herschdurfer-karneval.de\/wpr\/index.php?rest_route=\/wp\/v2\/posts\/3798","targetHints":{"allow":["GET"]}}],"collection":[{"href":"http:\/\/www.herschdurfer-karneval.de\/wpr\/index.php?rest_route=\/wp\/v2\/posts"}],"about":[{"href":"http:\/\/www.herschdurfer-karneval.de\/wpr\/index.php?rest_route=\/wp\/v2\/types\/post"}],"author":[{"embeddable":true,"href":"http:\/\/www.herschdurfer-karneval.de\/wpr\/index.php?rest_route=\/wp\/v2\/users\/1"}],"replies":[{"embeddable":true,"href":"http:\/\/www.herschdurfer-karneval.de\/wpr\/index.php?rest_route=%2Fwp%2Fv2%2Fcomments&post=3798"}],"version-history":[{"count":4,"href":"http:\/\/www.herschdurfer-karneval.de\/wpr\/index.php?rest_route=\/wp\/v2\/posts\/3798\/revisions"}],"predecessor-version":[{"id":3811,"href":"http:\/\/www.herschdurfer-karneval.de\/wpr\/index.php?rest_route=\/wp\/v2\/posts\/3798\/revisions\/3811"}],"wp:attachment":[{"href":"http:\/\/www.herschdurfer-karneval.de\/wpr\/index.php?rest_route=%2Fwp%2Fv2%2Fmedia&parent=3798"}],"wp:term":[{"taxonomy":"category","embeddable":true,"href":"http:\/\/www.herschdurfer-karneval.de\/wpr\/index.php?rest_route=%2Fwp%2Fv2%2Fcategories&post=3798"},{"taxonomy":"post_tag","embeddable":true,"href":"http:\/\/www.herschdurfer-karneval.de\/wpr\/index.php?rest_route=%2Fwp%2Fv2%2Ftags&post=3798"}],"curies":[{"name":"wp","href":"https:\/\/api.w.org\/{rel}","templated":true}]}}