{"id":4050,"date":"2025-08-29T23:22:51","date_gmt":"2025-08-29T21:22:51","guid":{"rendered":"http:\/\/www.herschdurfer-karneval.de\/wpr\/?p=4050"},"modified":"2025-10-05T20:52:47","modified_gmt":"2025-10-05T18:52:47","slug":"herschdurfer-kirmst-2025","status":"publish","type":"post","link":"http:\/\/www.herschdurfer-karneval.de\/wpr\/?p=4050","title":{"rendered":"Herschdurfer Kirmst 2025"},"content":{"rendered":"\n<figure class=\"wp-block-image size-medium is-resized\"><img loading=\"lazy\" decoding=\"async\" width=\"400\" height=\"183\" src=\"http:\/\/www.herschdurfer-karneval.de\/wpr\/wp-content\/uploads\/2025\/08\/augusto_logo_kirmes_2025-400x183.png\" alt=\"\" class=\"wp-image-4051\" style=\"width:800px\" srcset=\"http:\/\/www.herschdurfer-karneval.de\/wpr\/wp-content\/uploads\/2025\/08\/augusto_logo_kirmes_2025-400x183.png 400w, http:\/\/www.herschdurfer-karneval.de\/wpr\/wp-content\/uploads\/2025\/08\/augusto_logo_kirmes_2025-800x367.png 800w, http:\/\/www.herschdurfer-karneval.de\/wpr\/wp-content\/uploads\/2025\/08\/augusto_logo_kirmes_2025-768x352.png 768w, http:\/\/www.herschdurfer-karneval.de\/wpr\/wp-content\/uploads\/2025\/08\/augusto_logo_kirmes_2025-150x69.png 150w, http:\/\/www.herschdurfer-karneval.de\/wpr\/wp-content\/uploads\/2025\/08\/augusto_logo_kirmes_2025-250x115.png 250w, http:\/\/www.herschdurfer-karneval.de\/wpr\/wp-content\/uploads\/2025\/08\/augusto_logo_kirmes_2025.png 1260w\" sizes=\"auto, (max-width: 400px) 100vw, 400px\" \/><\/figure>\n\n\n\n<p>Es ist wieder soweit: Der <a href=\"http:\/\/www.herschdurfer-karneval.de\/wpr\/\">Herschdurfer Karnevalsverein e.V.<\/a>, die <a href=\"https:\/\/kirche-oderwitz-mittelherwigsdorf.de\/\">Kirchgemeinde Oderwitz-Mittelherwigsdorf<\/a> und die <a href=\"https:\/\/kulturfabrik-meda.de\/\">Kulturfabrik MEDA e.V.<\/a> laden Euch auch in diesem Jahr herzlich zur traditionellen Kirmst auf die <a href=\"https:\/\/www.openstreetmap.org\/search?whereami=1&amp;query=50.91472%2C14.76266#map=19\/50.914719\/14.762661\">Festwiese in Mittelherwigsdorf<\/a> ein. Drei Tage lang \u2013 vom <strong>26. bis 28. September 2025<\/strong> \u2013 wollen wir gemeinsam feiern, lachen und Erinnerungen schaffen. Unter unserem bew\u00e4hrten Motto \u201eBunte Kirmst dank starker Gemeinschaft!\u201c bieten wir ein Programm, das hoffentlich wieder Gro\u00df und Klein gleicherma\u00dfen begeistern wird.<\/p>\n\n\n\n<!--more-->\n\n\n\n<p>Besonders freuen wir uns, in diesem Jahr mit einer Ausstellung im Festzelt an 125 Jahre Wassergenossenschaft Mittelherwigsdorf erinnern zu k\u00f6nnen. Ebenso m\u00f6chten wir mit einem Info- und Spendenstand die dringend notwendige Restaurierung unseres Denkmals f\u00fcr die im Ersten Weltkrieg Gefallenen unterst\u00fctzen. Denn Gemeinschaft hei\u00dft auch, gemeinsam Traditionen und Geschichte zu bewahren.<\/p>\n\n\n\n<p>Dies erwartet Euch an unserem Kirmstwochenende:<\/p>\n\n\n\n<h2 class=\"wp-block-heading has-medium-font-size\">Freitag, 26. September<\/h2>\n\n\n\n<p>Der Festauftakt beginnt um <strong>20:00 Uhr<\/strong> mit dem feierlichen Bieranstich, verbunden mit einer Fotoschau, alter Herschdurfer Ansichten. Nach Einbruch der Dunkelheit folgt um <strong>20:30 Uhr<\/strong> eine spektakul\u00e4re Feuershow des <a href=\"http:\/\/www.applaudino.de\/\">Zirkus Applaudino<\/a>. Den musikalischen H\u00f6hepunkt des Abends setzen um <strong>21:30 Uhr<\/strong> die Powder Keg Boys, die mit Folk-, Country- und Bluegrass-Kl\u00e4ngen das Festzelt zum Beben bringen.<\/p>\n\n\n\n<h2 class=\"wp-block-heading has-medium-font-size\">Samstag, 27. September<\/h2>\n\n\n\n<p>Ab <strong>16:00 Uhr<\/strong> \u00f6ffnet das Festzelt. Um <strong>17:00 Uhr<\/strong> hei\u00dft es dann \u00c4rmel hochkrempeln: Das inzwischen legend\u00e4re 17. traditionelle Strohballenschieben steht auf dem Programm \u2013 f\u00fcr alle, die Kraft, Teamgeist und Humor beweisen wollen. Bitte beachtet als aktive Teilnehmer, dass ihr euch noch vor 17:00 Uhr hier vor Ort anmeldet und dass jedes Team nur ein Gesamtgewicht von max. 300 kg auf die Waage bringen darf.<\/p>\n\n\n\n<p>Am Abend wird es dann stimmungsvoll: Um <strong>19:00 Uhr<\/strong> startet der Lampionumzug mit Musik, gefolgt von gemeinsamem Singen am gro\u00dfen Lagerfeuer. Im Anschluss zeigen Funken und Minifunken des <a href=\"http:\/\/www.herschdurfer-karneval.de\/wpr\/\">Herschdurfer Karnevalsvereins<\/a> ihr t\u00e4nzerisches K\u00f6nnen. Ab <strong>20:00 Uhr<\/strong> l\u00e4dt die <a href=\"https:\/\/www.liveband-compact.de\/\">COMPACT Cover- und Showband<\/a> <s>Hamburger Gruppe My Coverband<\/s> zum Kirmst-Tanz ins Festzelt. Die traditionelle Spasstombola bringt au\u00dferdem wieder witzige Gewinne; auch wird der begehrte Wanderpokal einen neuen Besitzer finden.<\/p>\n\n\n\n<h2 class=\"wp-block-heading has-medium-font-size\">Sonntag, 28. September<\/h2>\n\n\n\n<p>Der Kirmstsonntag startet um <strong>10:30 Uhr<\/strong> mit einem familienfreundlichen Festgottesdienst. Anschlie\u00dfend gibt es ab <strong>11:30 Uhr<\/strong> einen z\u00fcnftigen Fr\u00fchschoppen mit leckerem Mittagessen im Festzelt, musikalisch untermalt von der <a href=\"http:\/\/www.kirche-oderwitz-mittelherwigsdorf.de\/gemeinde:erwachsene:blaeser\">Mittelseiferswitzer Bl\u00e4servereinigung<\/a> und ab <strong>12:30 Uhr<\/strong> von einer kleinen Fl\u00f6ten- und Singerunde.<\/p>\n\n\n\n<p>Ab <strong>14:00 Uhr<\/strong> wird das Festgel\u00e4nde zum Mitmachparadies: Spielen, Basteln, Klettern, Seilbahn fahren, Brotbacken, Aufstriche bereiten, beim Sauerkrautstampfen und Apfelsaftpressen mithelfen (bitte Sauerkrautkruken bis max. 10 l und gern auch Apfelspenden mitbringen!), Tiere streicheln, Elektronikbasteln mit <a href=\"https:\/\/www.ehrenamt.sachsen.de\/engagementboerse\/verein\/2913\">ZIPHONAmatic e.V.<\/a>, Fu\u00dfball-Dart, H\u00fcpfburg oder die Feuerwehrschau \u2013 hier ist f\u00fcr jeden etwas dabei. Nat\u00fcrlich gibt es auch etwas auf die Ohren: <a href=\"https:\/\/www.faulerlenz.info\/\">Fauler Lenz<\/a> spielt auf dem Kirchhof, w\u00e4hrend im Festzelt <a href=\"https:\/\/www.facebook.com\/people\/HERR-MANNs-Wirtshaus-Musik\/100070906817855\/\">Herr Manns Wirtshausmusik<\/a> f\u00fcr z\u00fcnftige Stimmung sorgt. Wer zwischendurch hoch hinaus will, kann um <strong>15:00 Uhr<\/strong> an der beliebten Kirchturmbegehung teilnehmen.<\/p>\n\n\n<div class=\"wp-block-image\">\n<figure class=\"aligncenter size-full is-resized\"><img loading=\"lazy\" decoding=\"async\" width=\"916\" height=\"340\" src=\"http:\/\/www.herschdurfer-karneval.de\/wpr\/wp-content\/uploads\/2017\/09\/Elektronikbauen_Logo.jpg\" alt=\"\" class=\"wp-image-2174\" style=\"width:400px\" srcset=\"http:\/\/www.herschdurfer-karneval.de\/wpr\/wp-content\/uploads\/2017\/09\/Elektronikbauen_Logo.jpg 916w, http:\/\/www.herschdurfer-karneval.de\/wpr\/wp-content\/uploads\/2017\/09\/Elektronikbauen_Logo-400x148.jpg 400w, http:\/\/www.herschdurfer-karneval.de\/wpr\/wp-content\/uploads\/2017\/09\/Elektronikbauen_Logo-768x285.jpg 768w, http:\/\/www.herschdurfer-karneval.de\/wpr\/wp-content\/uploads\/2017\/09\/Elektronikbauen_Logo-800x297.jpg 800w, http:\/\/www.herschdurfer-karneval.de\/wpr\/wp-content\/uploads\/2017\/09\/Elektronikbauen_Logo-250x93.jpg 250w, http:\/\/www.herschdurfer-karneval.de\/wpr\/wp-content\/uploads\/2017\/09\/Elektronikbauen_Logo-150x56.jpg 150w\" sizes=\"auto, (max-width: 916px) 100vw, 916px\" \/><\/figure>\n<\/div>\n\n\n<p><br>Der fr\u00f6hliche Abschluss des Festes findet dann um <strong>17:00 Uhr<\/strong> vor der Kirche statt, wenn Tr\u00f6\u00f6\u00f6tella das Publikum mit einer clownesken Darbietung begeistert.<\/p>\n\n\n\n<p>Selbstredend ist an allen drei Tagen bestens f\u00fcr das leibliche Wohl gesorgt. Wir freuen uns auf ein unvergessliches Wochenende voller Freude, Musik und Gemeinschaft. Auf die Herschdurfer Kirmst 2025 ein dreifaches: \u201eKummt ock rei!\u201c<\/p>\n\n\n\n<p>Euer Herschdurfer Karnevalsverein e.V.<\/p>\n\n\n\n<p><strong>P.S.:<\/strong> Das aktuelle Kirmstplakat steht <a href=\"http:\/\/www.herschdurfer-karneval.de\/wpr\/wp-content\/uploads\/2025\/08\/kirmes_plakat_a4_2025_v04.pdf\">hier wie immer als PDF zur Verf\u00fcgung<\/a> und darf gern geteilt und verbreitet werden.<\/p>\n\n\n\n<figure class=\"wp-block-image size-full is-resized\"><img loading=\"lazy\" decoding=\"async\" width=\"1169\" height=\"1653\" src=\"http:\/\/www.herschdurfer-karneval.de\/wpr\/wp-content\/uploads\/2025\/08\/kirmes_plakat_a4_2025_v04.jpg\" alt=\"\" class=\"wp-image-4070\" style=\"width:800px\" srcset=\"http:\/\/www.herschdurfer-karneval.de\/wpr\/wp-content\/uploads\/2025\/08\/kirmes_plakat_a4_2025_v04.jpg 1169w, http:\/\/www.herschdurfer-karneval.de\/wpr\/wp-content\/uploads\/2025\/08\/kirmes_plakat_a4_2025_v04-212x300.jpg 212w, http:\/\/www.herschdurfer-karneval.de\/wpr\/wp-content\/uploads\/2025\/08\/kirmes_plakat_a4_2025_v04-424x600.jpg 424w, http:\/\/www.herschdurfer-karneval.de\/wpr\/wp-content\/uploads\/2025\/08\/kirmes_plakat_a4_2025_v04-768x1086.jpg 768w, http:\/\/www.herschdurfer-karneval.de\/wpr\/wp-content\/uploads\/2025\/08\/kirmes_plakat_a4_2025_v04-1086x1536.jpg 1086w, http:\/\/www.herschdurfer-karneval.de\/wpr\/wp-content\/uploads\/2025\/08\/kirmes_plakat_a4_2025_v04-106x150.jpg 106w\" sizes=\"auto, (max-width: 1169px) 100vw, 1169px\" \/><\/figure>\n\n\n\n<p><\/p>\n","protected":false},"excerpt":{"rendered":"<p>Es ist wieder soweit: Der Herschdurfer Karnevalsverein e.V., die Kirchgemeinde Oderwitz-Mittelherwigsdorf und die Kulturfabrik MEDA e.V. laden Euch auch in diesem Jahr herzlich zur traditionellen Kirmst auf die Festwiese in Mittelherwigsdorf ein. Drei Tage lang \u2013 vom 26. bis 28. September 2025 \u2013 wollen wir gemeinsam feiern, lachen und Erinnerungen \u2026 <a class=\"continue-reading-link\" href=\"http:\/\/www.herschdurfer-karneval.de\/wpr\/?p=4050\">Hier klicken f\u00fcr den vollst\u00e4ndigen Artikel. <span class=\"meta-nav\">&rarr; <\/span><\/a><\/p>\n","protected":false},"author":1,"featured_media":0,"comment_status":"open","ping_status":"open","sticky":false,"template":"","format":"standard","meta":{"footnotes":""},"categories":[1],"tags":[360,307,214,215,362,375,373,374,372,376,261,363,278,187,189,41,43,226,354,356,290,355,69,74,221,75,76,77,365,222,80,199,81,86,165,269,218,289,127,203,377,366,186],"class_list":["post-4050","post","type-post","status-publish","format-standard","hentry","category-allgemein","tag-ablauf","tag-basteln","tag-bieranstich","tag-bierprobe","tag-bierzelt","tag-bluegrass","tag-blues","tag-country","tag-coverband","tag-denkmal","tag-dorffest","tag-einheitsgemeinde","tag-elektronikbasteln","tag-elektronikbauen","tag-fauler-lenz","tag-festprogramm","tag-festwiese","tag-feuerwehr","tag-fotoschau","tag-gemeinschaft","tag-gottesdienst","tag-handwerk","tag-jubilaum","tag-kirche","tag-kirchgemeinde","tag-kirchweih","tag-kirmes","tag-kirmst","tag-kirmstprogramm","tag-kulturfabrik","tag-lagerfeuer","tag-livekonzert","tag-livemusik","tag-mittelherwigsdorf","tag-musik","tag-sauerkraut","tag-strohballenschieben","tag-tombola","tag-umzug","tag-volksfest","tag-wassergenossenschaft","tag-wirtshausmusik","tag-ziphonamatic"],"yoast_head":"<!-- This site is optimized with the Yoast SEO plugin v26.7 - https:\/\/yoast.com\/wordpress\/plugins\/seo\/ -->\n<title>Herschdurfer Kirmst 2025 - Herschdurfer Karneval<\/title>\n<meta name=\"description\" content=\"Die Herschdurfer Kirmst findet vom 26. bis 28. September 2025 auf der Festwiese Mittelherwigsdorf statt. Besucher k\u00f6nnen sich auf Bieranstich, Feuershow, Livekonzerte, Lagerfeuer und Lampionumzug, traditionelle Wettbewerbe und ein abwechslungsreiches Familienprogramm freuen. Das Fest verspricht drei Tage mit Musik, Unterhaltung und Begegnung.\" \/>\n<meta name=\"robots\" content=\"index, follow, max-snippet:-1, max-image-preview:large, max-video-preview:-1\" \/>\n<link rel=\"canonical\" href=\"http:\/\/www.herschdurfer-karneval.de\/wpr\/?p=4050\" \/>\n<meta property=\"og:locale\" content=\"de_DE\" \/>\n<meta property=\"og:type\" content=\"article\" \/>\n<meta property=\"og:title\" content=\"Herschdurfer Kirmst 2025 - Herschdurfer Karneval\" \/>\n<meta property=\"og:description\" content=\"Die Herschdurfer Kirmst findet vom 26. bis 28. September 2025 auf der Festwiese Mittelherwigsdorf statt. Besucher k\u00f6nnen sich auf Bieranstich, Feuershow, Livekonzerte, Lagerfeuer und Lampionumzug, traditionelle Wettbewerbe und ein abwechslungsreiches Familienprogramm freuen. Das Fest verspricht drei Tage mit Musik, Unterhaltung und Begegnung.\" \/>\n<meta property=\"og:url\" content=\"http:\/\/www.herschdurfer-karneval.de\/wpr\/?p=4050\" \/>\n<meta property=\"og:site_name\" content=\"Herschdurfer Karneval\" \/>\n<meta property=\"article:publisher\" content=\"https:\/\/www.facebook.com\/HerschdurferKarneval\" \/>\n<meta property=\"article:published_time\" content=\"2025-08-29T21:22:51+00:00\" \/>\n<meta property=\"article:modified_time\" content=\"2025-10-05T18:52:47+00:00\" \/>\n<meta property=\"og:image\" content=\"http:\/\/www.herschdurfer-karneval.de\/wpr\/wp-content\/uploads\/2025\/08\/augusto_logo_kirmes_2025.png\" \/>\n\t<meta property=\"og:image:width\" content=\"1260\" \/>\n\t<meta property=\"og:image:height\" content=\"578\" \/>\n\t<meta property=\"og:image:type\" content=\"image\/png\" \/>\n<meta name=\"author\" content=\"ccclaus\" \/>\n<meta name=\"twitter:card\" content=\"summary_large_image\" \/>\n<meta name=\"twitter:creator\" content=\"@MihedoKarneval\" \/>\n<meta name=\"twitter:site\" content=\"@MihedoKarneval\" \/>\n<meta name=\"twitter:label1\" content=\"Verfasst von\" \/>\n\t<meta name=\"twitter:data1\" content=\"ccclaus\" \/>\n\t<meta name=\"twitter:label2\" content=\"Gesch\u00e4tzte Lesezeit\" \/>\n\t<meta name=\"twitter:data2\" content=\"4\u00a0Minuten\" \/>\n<script type=\"application\/ld+json\" class=\"yoast-schema-graph\">{\"@context\":\"https:\/\/schema.org\",\"@graph\":[{\"@type\":\"Article\",\"@id\":\"http:\/\/www.herschdurfer-karneval.de\/wpr\/?p=4050#article\",\"isPartOf\":{\"@id\":\"http:\/\/www.herschdurfer-karneval.de\/wpr\/?p=4050\"},\"author\":{\"name\":\"ccclaus\",\"@id\":\"http:\/\/www.herschdurfer-karneval.de\/wpr\/#\/schema\/person\/348195a70aeab304b6d33cad8a97ae1e\"},\"headline\":\"Herschdurfer Kirmst 2025\",\"datePublished\":\"2025-08-29T21:22:51+00:00\",\"dateModified\":\"2025-10-05T18:52:47+00:00\",\"mainEntityOfPage\":{\"@id\":\"http:\/\/www.herschdurfer-karneval.de\/wpr\/?p=4050\"},\"wordCount\":548,\"commentCount\":0,\"publisher\":{\"@id\":\"http:\/\/www.herschdurfer-karneval.de\/wpr\/#organization\"},\"image\":{\"@id\":\"http:\/\/www.herschdurfer-karneval.de\/wpr\/?p=4050#primaryimage\"},\"thumbnailUrl\":\"http:\/\/www.herschdurfer-karneval.de\/wpr\/wp-content\/uploads\/2025\/08\/augusto_logo_kirmes_2025-400x183.png\",\"keywords\":[\"Ablauf\",\"Basteln\",\"Bieranstich\",\"Bierprobe\",\"Bierzelt\",\"Bluegrass\",\"Blues\",\"Country\",\"Coverband\",\"Denkmal\",\"Dorffest\",\"Einheitsgemeinde\",\"Elektronikbasteln\",\"Elektronikbauen\",\"Fauler Lenz\",\"Festprogramm\",\"Festwiese\",\"Feuerwehr\",\"Fotoschau\",\"Gemeinschaft\",\"Gottesdienst\",\"Handwerk\",\"Jubil\u00e4um\",\"Kirche\",\"Kirchgemeinde\",\"Kirchweih\",\"Kirmes\",\"Kirmst\",\"Kirmstprogramm\",\"Kulturfabrik\",\"Lagerfeuer\",\"Livekonzert\",\"Livemusik\",\"Mittelherwigsdorf\",\"Musik\",\"Sauerkraut\",\"Strohballenschieben\",\"Tombola\",\"Umzug\",\"Volksfest\",\"Wassergenossenschaft\",\"Wirtshausmusik\",\"ZIPHONAmatic\"],\"inLanguage\":\"de\",\"potentialAction\":[{\"@type\":\"CommentAction\",\"name\":\"Comment\",\"target\":[\"http:\/\/www.herschdurfer-karneval.de\/wpr\/?p=4050#respond\"]}]},{\"@type\":\"WebPage\",\"@id\":\"http:\/\/www.herschdurfer-karneval.de\/wpr\/?p=4050\",\"url\":\"http:\/\/www.herschdurfer-karneval.de\/wpr\/?p=4050\",\"name\":\"Herschdurfer Kirmst 2025 - Herschdurfer Karneval\",\"isPartOf\":{\"@id\":\"http:\/\/www.herschdurfer-karneval.de\/wpr\/#website\"},\"primaryImageOfPage\":{\"@id\":\"http:\/\/www.herschdurfer-karneval.de\/wpr\/?p=4050#primaryimage\"},\"image\":{\"@id\":\"http:\/\/www.herschdurfer-karneval.de\/wpr\/?p=4050#primaryimage\"},\"thumbnailUrl\":\"http:\/\/www.herschdurfer-karneval.de\/wpr\/wp-content\/uploads\/2025\/08\/augusto_logo_kirmes_2025-400x183.png\",\"datePublished\":\"2025-08-29T21:22:51+00:00\",\"dateModified\":\"2025-10-05T18:52:47+00:00\",\"description\":\"Die Herschdurfer Kirmst findet vom 26. bis 28. September 2025 auf der Festwiese Mittelherwigsdorf statt. Besucher k\u00f6nnen sich auf Bieranstich, Feuershow, Livekonzerte, Lagerfeuer und Lampionumzug, traditionelle Wettbewerbe und ein abwechslungsreiches Familienprogramm freuen. Das Fest verspricht drei Tage mit Musik, Unterhaltung und Begegnung.\",\"breadcrumb\":{\"@id\":\"http:\/\/www.herschdurfer-karneval.de\/wpr\/?p=4050#breadcrumb\"},\"inLanguage\":\"de\",\"potentialAction\":[{\"@type\":\"ReadAction\",\"target\":[\"http:\/\/www.herschdurfer-karneval.de\/wpr\/?p=4050\"]}]},{\"@type\":\"ImageObject\",\"inLanguage\":\"de\",\"@id\":\"http:\/\/www.herschdurfer-karneval.de\/wpr\/?p=4050#primaryimage\",\"url\":\"http:\/\/www.herschdurfer-karneval.de\/wpr\/wp-content\/uploads\/2025\/08\/augusto_logo_kirmes_2025.png\",\"contentUrl\":\"http:\/\/www.herschdurfer-karneval.de\/wpr\/wp-content\/uploads\/2025\/08\/augusto_logo_kirmes_2025.png\",\"width\":1260,\"height\":578},{\"@type\":\"BreadcrumbList\",\"@id\":\"http:\/\/www.herschdurfer-karneval.de\/wpr\/?p=4050#breadcrumb\",\"itemListElement\":[{\"@type\":\"ListItem\",\"position\":1,\"name\":\"Startseite\",\"item\":\"http:\/\/www.herschdurfer-karneval.de\/wpr\"},{\"@type\":\"ListItem\",\"position\":2,\"name\":\"Herschdurfer Kirmst 2025\"}]},{\"@type\":\"WebSite\",\"@id\":\"http:\/\/www.herschdurfer-karneval.de\/wpr\/#website\",\"url\":\"http:\/\/www.herschdurfer-karneval.de\/wpr\/\",\"name\":\"Herschdurfer Karneval\",\"description\":\"Die Webpr\u00e4senz des Mittelherwigsdorfer Karnevalsvereins.\",\"publisher\":{\"@id\":\"http:\/\/www.herschdurfer-karneval.de\/wpr\/#organization\"},\"potentialAction\":[{\"@type\":\"SearchAction\",\"target\":{\"@type\":\"EntryPoint\",\"urlTemplate\":\"http:\/\/www.herschdurfer-karneval.de\/wpr\/?s={search_term_string}\"},\"query-input\":{\"@type\":\"PropertyValueSpecification\",\"valueRequired\":true,\"valueName\":\"search_term_string\"}}],\"inLanguage\":\"de\"},{\"@type\":\"Organization\",\"@id\":\"http:\/\/www.herschdurfer-karneval.de\/wpr\/#organization\",\"name\":\"Herschdurfer Karnevalsverein e.V.\",\"alternateName\":\"HKV\",\"url\":\"http:\/\/www.herschdurfer-karneval.de\/wpr\/\",\"logo\":{\"@type\":\"ImageObject\",\"inLanguage\":\"de\",\"@id\":\"http:\/\/www.herschdurfer-karneval.de\/wpr\/#\/schema\/logo\/image\/\",\"url\":\"http:\/\/www.herschdurfer-karneval.de\/wpr\/wp-content\/uploads\/2020\/03\/hkv-logo_800x800_-BonW_noGrad.png\",\"contentUrl\":\"http:\/\/www.herschdurfer-karneval.de\/wpr\/wp-content\/uploads\/2020\/03\/hkv-logo_800x800_-BonW_noGrad.png\",\"width\":800,\"height\":800,\"caption\":\"Herschdurfer Karnevalsverein e.V.\"},\"image\":{\"@id\":\"http:\/\/www.herschdurfer-karneval.de\/wpr\/#\/schema\/logo\/image\/\"},\"sameAs\":[\"https:\/\/www.facebook.com\/HerschdurferKarneval\",\"https:\/\/x.com\/MihedoKarneval\"]},{\"@type\":\"Person\",\"@id\":\"http:\/\/www.herschdurfer-karneval.de\/wpr\/#\/schema\/person\/348195a70aeab304b6d33cad8a97ae1e\",\"name\":\"ccclaus\",\"image\":{\"@type\":\"ImageObject\",\"inLanguage\":\"de\",\"@id\":\"http:\/\/www.herschdurfer-karneval.de\/wpr\/#\/schema\/person\/image\/\",\"url\":\"https:\/\/secure.gravatar.com\/avatar\/bfb0a99cf724a24e26256534f6be6749050c1d32a883222c283c46e52e6586ec?s=96&d=blank&r=g\",\"contentUrl\":\"https:\/\/secure.gravatar.com\/avatar\/bfb0a99cf724a24e26256534f6be6749050c1d32a883222c283c46e52e6586ec?s=96&d=blank&r=g\",\"caption\":\"ccclaus\"}}]}<\/script>\n<!-- \/ Yoast SEO plugin. -->","yoast_head_json":{"title":"Herschdurfer Kirmst 2025 - Herschdurfer Karneval","description":"Die Herschdurfer Kirmst findet vom 26. bis 28. September 2025 auf der Festwiese Mittelherwigsdorf statt. Besucher k\u00f6nnen sich auf Bieranstich, Feuershow, Livekonzerte, Lagerfeuer und Lampionumzug, traditionelle Wettbewerbe und ein abwechslungsreiches Familienprogramm freuen. Das Fest verspricht drei Tage mit Musik, Unterhaltung und Begegnung.","robots":{"index":"index","follow":"follow","max-snippet":"max-snippet:-1","max-image-preview":"max-image-preview:large","max-video-preview":"max-video-preview:-1"},"canonical":"http:\/\/www.herschdurfer-karneval.de\/wpr\/?p=4050","og_locale":"de_DE","og_type":"article","og_title":"Herschdurfer Kirmst 2025 - Herschdurfer Karneval","og_description":"Die Herschdurfer Kirmst findet vom 26. bis 28. September 2025 auf der Festwiese Mittelherwigsdorf statt. Besucher k\u00f6nnen sich auf Bieranstich, Feuershow, Livekonzerte, Lagerfeuer und Lampionumzug, traditionelle Wettbewerbe und ein abwechslungsreiches Familienprogramm freuen. Das Fest verspricht drei Tage mit Musik, Unterhaltung und Begegnung.","og_url":"http:\/\/www.herschdurfer-karneval.de\/wpr\/?p=4050","og_site_name":"Herschdurfer Karneval","article_publisher":"https:\/\/www.facebook.com\/HerschdurferKarneval","article_published_time":"2025-08-29T21:22:51+00:00","article_modified_time":"2025-10-05T18:52:47+00:00","og_image":[{"width":1260,"height":578,"url":"http:\/\/www.herschdurfer-karneval.de\/wpr\/wp-content\/uploads\/2025\/08\/augusto_logo_kirmes_2025.png","type":"image\/png"}],"author":"ccclaus","twitter_card":"summary_large_image","twitter_creator":"@MihedoKarneval","twitter_site":"@MihedoKarneval","twitter_misc":{"Verfasst von":"ccclaus","Gesch\u00e4tzte Lesezeit":"4\u00a0Minuten"},"schema":{"@context":"https:\/\/schema.org","@graph":[{"@type":"Article","@id":"http:\/\/www.herschdurfer-karneval.de\/wpr\/?p=4050#article","isPartOf":{"@id":"http:\/\/www.herschdurfer-karneval.de\/wpr\/?p=4050"},"author":{"name":"ccclaus","@id":"http:\/\/www.herschdurfer-karneval.de\/wpr\/#\/schema\/person\/348195a70aeab304b6d33cad8a97ae1e"},"headline":"Herschdurfer Kirmst 2025","datePublished":"2025-08-29T21:22:51+00:00","dateModified":"2025-10-05T18:52:47+00:00","mainEntityOfPage":{"@id":"http:\/\/www.herschdurfer-karneval.de\/wpr\/?p=4050"},"wordCount":548,"commentCount":0,"publisher":{"@id":"http:\/\/www.herschdurfer-karneval.de\/wpr\/#organization"},"image":{"@id":"http:\/\/www.herschdurfer-karneval.de\/wpr\/?p=4050#primaryimage"},"thumbnailUrl":"http:\/\/www.herschdurfer-karneval.de\/wpr\/wp-content\/uploads\/2025\/08\/augusto_logo_kirmes_2025-400x183.png","keywords":["Ablauf","Basteln","Bieranstich","Bierprobe","Bierzelt","Bluegrass","Blues","Country","Coverband","Denkmal","Dorffest","Einheitsgemeinde","Elektronikbasteln","Elektronikbauen","Fauler Lenz","Festprogramm","Festwiese","Feuerwehr","Fotoschau","Gemeinschaft","Gottesdienst","Handwerk","Jubil\u00e4um","Kirche","Kirchgemeinde","Kirchweih","Kirmes","Kirmst","Kirmstprogramm","Kulturfabrik","Lagerfeuer","Livekonzert","Livemusik","Mittelherwigsdorf","Musik","Sauerkraut","Strohballenschieben","Tombola","Umzug","Volksfest","Wassergenossenschaft","Wirtshausmusik","ZIPHONAmatic"],"inLanguage":"de","potentialAction":[{"@type":"CommentAction","name":"Comment","target":["http:\/\/www.herschdurfer-karneval.de\/wpr\/?p=4050#respond"]}]},{"@type":"WebPage","@id":"http:\/\/www.herschdurfer-karneval.de\/wpr\/?p=4050","url":"http:\/\/www.herschdurfer-karneval.de\/wpr\/?p=4050","name":"Herschdurfer Kirmst 2025 - Herschdurfer Karneval","isPartOf":{"@id":"http:\/\/www.herschdurfer-karneval.de\/wpr\/#website"},"primaryImageOfPage":{"@id":"http:\/\/www.herschdurfer-karneval.de\/wpr\/?p=4050#primaryimage"},"image":{"@id":"http:\/\/www.herschdurfer-karneval.de\/wpr\/?p=4050#primaryimage"},"thumbnailUrl":"http:\/\/www.herschdurfer-karneval.de\/wpr\/wp-content\/uploads\/2025\/08\/augusto_logo_kirmes_2025-400x183.png","datePublished":"2025-08-29T21:22:51+00:00","dateModified":"2025-10-05T18:52:47+00:00","description":"Die Herschdurfer Kirmst findet vom 26. bis 28. September 2025 auf der Festwiese Mittelherwigsdorf statt. Besucher k\u00f6nnen sich auf Bieranstich, Feuershow, Livekonzerte, Lagerfeuer und Lampionumzug, traditionelle Wettbewerbe und ein abwechslungsreiches Familienprogramm freuen. Das Fest verspricht drei Tage mit Musik, Unterhaltung und Begegnung.","breadcrumb":{"@id":"http:\/\/www.herschdurfer-karneval.de\/wpr\/?p=4050#breadcrumb"},"inLanguage":"de","potentialAction":[{"@type":"ReadAction","target":["http:\/\/www.herschdurfer-karneval.de\/wpr\/?p=4050"]}]},{"@type":"ImageObject","inLanguage":"de","@id":"http:\/\/www.herschdurfer-karneval.de\/wpr\/?p=4050#primaryimage","url":"http:\/\/www.herschdurfer-karneval.de\/wpr\/wp-content\/uploads\/2025\/08\/augusto_logo_kirmes_2025.png","contentUrl":"http:\/\/www.herschdurfer-karneval.de\/wpr\/wp-content\/uploads\/2025\/08\/augusto_logo_kirmes_2025.png","width":1260,"height":578},{"@type":"BreadcrumbList","@id":"http:\/\/www.herschdurfer-karneval.de\/wpr\/?p=4050#breadcrumb","itemListElement":[{"@type":"ListItem","position":1,"name":"Startseite","item":"http:\/\/www.herschdurfer-karneval.de\/wpr"},{"@type":"ListItem","position":2,"name":"Herschdurfer Kirmst 2025"}]},{"@type":"WebSite","@id":"http:\/\/www.herschdurfer-karneval.de\/wpr\/#website","url":"http:\/\/www.herschdurfer-karneval.de\/wpr\/","name":"Herschdurfer Karneval","description":"Die Webpr\u00e4senz des Mittelherwigsdorfer Karnevalsvereins.","publisher":{"@id":"http:\/\/www.herschdurfer-karneval.de\/wpr\/#organization"},"potentialAction":[{"@type":"SearchAction","target":{"@type":"EntryPoint","urlTemplate":"http:\/\/www.herschdurfer-karneval.de\/wpr\/?s={search_term_string}"},"query-input":{"@type":"PropertyValueSpecification","valueRequired":true,"valueName":"search_term_string"}}],"inLanguage":"de"},{"@type":"Organization","@id":"http:\/\/www.herschdurfer-karneval.de\/wpr\/#organization","name":"Herschdurfer Karnevalsverein e.V.","alternateName":"HKV","url":"http:\/\/www.herschdurfer-karneval.de\/wpr\/","logo":{"@type":"ImageObject","inLanguage":"de","@id":"http:\/\/www.herschdurfer-karneval.de\/wpr\/#\/schema\/logo\/image\/","url":"http:\/\/www.herschdurfer-karneval.de\/wpr\/wp-content\/uploads\/2020\/03\/hkv-logo_800x800_-BonW_noGrad.png","contentUrl":"http:\/\/www.herschdurfer-karneval.de\/wpr\/wp-content\/uploads\/2020\/03\/hkv-logo_800x800_-BonW_noGrad.png","width":800,"height":800,"caption":"Herschdurfer Karnevalsverein e.V."},"image":{"@id":"http:\/\/www.herschdurfer-karneval.de\/wpr\/#\/schema\/logo\/image\/"},"sameAs":["https:\/\/www.facebook.com\/HerschdurferKarneval","https:\/\/x.com\/MihedoKarneval"]},{"@type":"Person","@id":"http:\/\/www.herschdurfer-karneval.de\/wpr\/#\/schema\/person\/348195a70aeab304b6d33cad8a97ae1e","name":"ccclaus","image":{"@type":"ImageObject","inLanguage":"de","@id":"http:\/\/www.herschdurfer-karneval.de\/wpr\/#\/schema\/person\/image\/","url":"https:\/\/secure.gravatar.com\/avatar\/bfb0a99cf724a24e26256534f6be6749050c1d32a883222c283c46e52e6586ec?s=96&d=blank&r=g","contentUrl":"https:\/\/secure.gravatar.com\/avatar\/bfb0a99cf724a24e26256534f6be6749050c1d32a883222c283c46e52e6586ec?s=96&d=blank&r=g","caption":"ccclaus"}}]}},"_links":{"self":[{"href":"http:\/\/www.herschdurfer-karneval.de\/wpr\/index.php?rest_route=\/wp\/v2\/posts\/4050","targetHints":{"allow":["GET"]}}],"collection":[{"href":"http:\/\/www.herschdurfer-karneval.de\/wpr\/index.php?rest_route=\/wp\/v2\/posts"}],"about":[{"href":"http:\/\/www.herschdurfer-karneval.de\/wpr\/index.php?rest_route=\/wp\/v2\/types\/post"}],"author":[{"embeddable":true,"href":"http:\/\/www.herschdurfer-karneval.de\/wpr\/index.php?rest_route=\/wp\/v2\/users\/1"}],"replies":[{"embeddable":true,"href":"http:\/\/www.herschdurfer-karneval.de\/wpr\/index.php?rest_route=%2Fwp%2Fv2%2Fcomments&post=4050"}],"version-history":[{"count":18,"href":"http:\/\/www.herschdurfer-karneval.de\/wpr\/index.php?rest_route=\/wp\/v2\/posts\/4050\/revisions"}],"predecessor-version":[{"id":4084,"href":"http:\/\/www.herschdurfer-karneval.de\/wpr\/index.php?rest_route=\/wp\/v2\/posts\/4050\/revisions\/4084"}],"wp:attachment":[{"href":"http:\/\/www.herschdurfer-karneval.de\/wpr\/index.php?rest_route=%2Fwp%2Fv2%2Fmedia&parent=4050"}],"wp:term":[{"taxonomy":"category","embeddable":true,"href":"http:\/\/www.herschdurfer-karneval.de\/wpr\/index.php?rest_route=%2Fwp%2Fv2%2Fcategories&post=4050"},{"taxonomy":"post_tag","embeddable":true,"href":"http:\/\/www.herschdurfer-karneval.de\/wpr\/index.php?rest_route=%2Fwp%2Fv2%2Ftags&post=4050"}],"curies":[{"name":"wp","href":"https:\/\/api.w.org\/{rel}","templated":true}]}}