{"id":958,"date":"2012-12-15T12:15:11","date_gmt":"2012-12-15T10:15:11","guid":{"rendered":"http:\/\/www.herschdurfer-karneval.de\/?p=958"},"modified":"2012-12-15T12:15:11","modified_gmt":"2012-12-15T10:15:11","slug":"die-34-saison-wurde-eroffnet","status":"publish","type":"post","link":"http:\/\/www.herschdurfer-karneval.de\/wpr\/?p=958","title":{"rendered":"Die 34. Saison wurde er\u00f6ffnet"},"content":{"rendered":"<p>Der nachfolgende Text stammt aus dem <a href=\"http:\/\/www.mittelherwigsdorf.de\/147\/amtsblatt-archiv.html\">Amtsblatt Mittelherwigsdorf<\/a> vom Dezember 2012. Wir danken unserer Besucherin Ute f\u00fcr die wirklich tolle Berichterstattung!<br \/>\n<hl><br \/>\n<strong>Die 34. Saison wurde er\u00f6ffnet<\/strong><\/p>\n<p>P\u00fcnktlich am 11.11. war ich um 11:11 Uhr im Vereinshaus der Herschdurfer Karnevalsvereins zu Gast. Die voll besetzten Tische versprachen eine fr\u00f6hliche Stimmung f\u00fcr die Er\u00f6ffnung der neuen karnevalistischen Saison.<br \/>\nVor allem war ich schon recht gespannt auf das Thema. Es gab schon so manches Ereignis, dass eine &#8222;n\u00e4rrische&#8220; Umsetzung provozierte.<\/p>\n<p>Aber erst einmal zog der Elferrat, begleitet von seinen Funken und der guten Laune der Anwesenden, in den Saal ein. Nach dem formalen Akt der Vorstellung aller Minister und Funkenm\u00e4dchen forderte der Pr\u00e4sident, Paul Roscher, seinen Schl\u00fcssel vom B\u00fcrgermeister f\u00fcr die Saison ein. Ein Auge hatte er schon auf die Kasse geworfen, aber wie prall sie gef\u00fcllt war, wurde bei der \u00dcbergabe nicht verraten. Die Spitzen lie\u00dfen nichts Gutes ahnen.<\/p>\n<a href=\"http:\/\/www.herschdurfer-karneval.de\/wpr\/wp-content\/uploads\/2012\/12\/saisoneroeffnung_2012_uebergabe_520px.jpg\"><img loading=\"lazy\" decoding=\"async\" src=\"http:\/\/www.herschdurfer-karneval.de\/wpr\/wp-content\/uploads\/2012\/12\/saisoneroeffnung_2012_uebergabe_520px.jpg\" alt=\"Der B\u00fcrgermeister Markus Hallmann \u00fcbergibt feierlich den Amtsschl\u00fcssel nebst Gemeindekasse an den Karnevalsverein\" title=\"saisoneroeffnung_2012_uebergabe_520px\" width=\"520\" height=\"345\" class=\"size-full wp-image-959\" srcset=\"http:\/\/www.herschdurfer-karneval.de\/wpr\/wp-content\/uploads\/2012\/12\/saisoneroeffnung_2012_uebergabe_520px.jpg 520w, http:\/\/www.herschdurfer-karneval.de\/wpr\/wp-content\/uploads\/2012\/12\/saisoneroeffnung_2012_uebergabe_520px-300x199.jpg 300w\" sizes=\"auto, (max-width: 520px) 100vw, 520px\" \/><\/a>\n<p>Obwohl ich schon \u00f6fters Gast im Vereinshaus war, wurde mir beim Singen der Herschdurf-Hymne wieder mal bewusst, dass ich den Text nur mangelhaft beherrsche. Das reicht leider nicht f\u00fcr einen lautstarken Beitrag meinerseits. Nat\u00fcrlich habe ich mich heute auf der Homepageseite der Narren auf die Suche danach gemacht. Er scheint gut versteckt zu sein.<\/p>\n<p>Zur\u00fcck zum Geschehen des Tages. Gut beh\u00fctet und mit Orden geehrt, wurde der B\u00fcrgermeister wohlwollend von den Vereinsmitgliedern aufgenommen. Und dann war&#8217;s soweit. Zeus erschien mit Hera, oder war es Athene, und verk\u00fcndete unter dem aufgespannten rot-wei\u00dfen Schirm das Thema der 34. Saison: &#8222;Der Rettungsschirm ist aufgespannt &#8211; jetzt nehmen es die G\u00f6tter in die Hand&#8220;. Die anschlie\u00dfenden kurzen Anrisse ihres Programms lassen viel Lustiges erahnen und &#8222;Griechischer Wein&#8220;, von Paul angeboten, sorgt garantiert f\u00fcr Heiterkeit und Stimmung.<\/p>\n<p>Ute, ein Besucher<\/p>\n<hr \/>\n<p><strong>Anmerkung der Redaktion:<\/strong> Die Herschdurfer Karnevalshymne wird im \u00fcbrigen bald mit allen Strophen hier auf der &#8222;Homepageseite&#8220; zu finden sein. Danke f\u00fcr den Wink mit dem Zaunspfahl!<\/p>\n<a href=\"http:\/\/www.herschdurfer-karneval.de\/wpr\/wp-content\/uploads\/2012\/12\/saisoneroeffnung_2012_zeus-hera_520px.jpg\"><img loading=\"lazy\" decoding=\"async\" src=\"http:\/\/www.herschdurfer-karneval.de\/wpr\/wp-content\/uploads\/2012\/12\/saisoneroeffnung_2012_zeus-hera_520px.jpg\" alt=\"Zeus und Hera Mit-dem-Zaster verk\u00fcnden das neue Karnevalsmotto\" title=\"saisoneroeffnung_2012_zeus-hera_520px\" width=\"520\" height=\"478\" class=\"size-full wp-image-960\" srcset=\"http:\/\/www.herschdurfer-karneval.de\/wpr\/wp-content\/uploads\/2012\/12\/saisoneroeffnung_2012_zeus-hera_520px.jpg 520w, http:\/\/www.herschdurfer-karneval.de\/wpr\/wp-content\/uploads\/2012\/12\/saisoneroeffnung_2012_zeus-hera_520px-300x276.jpg 300w\" sizes=\"auto, (max-width: 520px) 100vw, 520px\" \/><\/a>\n","protected":false},"excerpt":{"rendered":"<p>Der nachfolgende Text stammt aus dem Amtsblatt Mittelherwigsdorf vom Dezember 2012. Wir danken unserer Besucherin Ute f\u00fcr die wirklich tolle Berichterstattung! Die 34. Saison wurde er\u00f6ffnet P\u00fcnktlich am 11.11. war ich um 11:11 Uhr im Vereinshaus der Herschdurfer Karnevalsvereins zu Gast. Die voll besetzten Tische versprachen eine fr\u00f6hliche Stimmung f\u00fcr \u2026 <a class=\"continue-reading-link\" href=\"http:\/\/www.herschdurfer-karneval.de\/wpr\/?p=958\">Hier klicken f\u00fcr den vollst\u00e4ndigen Artikel. <span class=\"meta-nav\">&rarr; <\/span><\/a><\/p>\n","protected":false},"author":1,"featured_media":0,"comment_status":"open","ping_status":"closed","sticky":false,"template":"","format":"standard","meta":{"footnotes":""},"categories":[5],"tags":[36,72,103],"class_list":["post-958","post","type-post","status-publish","format-standard","hentry","category-ruckblick","tag-familientag","tag-karnevalsauftakt","tag-saisoneroffnung"],"yoast_head":"<!-- This site is optimized with the Yoast SEO plugin v26.7 - https:\/\/yoast.com\/wordpress\/plugins\/seo\/ -->\n<title>Die 34. Saison wurde er\u00f6ffnet - Herschdurfer Karneval<\/title>\n<meta name=\"robots\" content=\"index, follow, max-snippet:-1, max-image-preview:large, max-video-preview:-1\" \/>\n<link rel=\"canonical\" href=\"http:\/\/www.herschdurfer-karneval.de\/wpr\/?p=958\" \/>\n<meta property=\"og:locale\" content=\"de_DE\" \/>\n<meta property=\"og:type\" content=\"article\" \/>\n<meta property=\"og:title\" content=\"Die 34. Saison wurde er\u00f6ffnet - Herschdurfer Karneval\" \/>\n<meta property=\"og:description\" content=\"Der nachfolgende Text stammt aus dem Amtsblatt Mittelherwigsdorf vom Dezember 2012. Wir danken unserer Besucherin Ute f\u00fcr die wirklich tolle Berichterstattung! Die 34. Saison wurde er\u00f6ffnet P\u00fcnktlich am 11.11. war ich um 11:11 Uhr im Vereinshaus der Herschdurfer Karnevalsvereins zu Gast. Die voll besetzten Tische versprachen eine fr\u00f6hliche Stimmung f\u00fcr \u2026 Hier klicken f\u00fcr den vollst\u00e4ndigen Artikel. &rarr;\" \/>\n<meta property=\"og:url\" content=\"http:\/\/www.herschdurfer-karneval.de\/wpr\/?p=958\" \/>\n<meta property=\"og:site_name\" content=\"Herschdurfer Karneval\" \/>\n<meta property=\"article:publisher\" content=\"https:\/\/www.facebook.com\/HerschdurferKarneval\" \/>\n<meta property=\"article:published_time\" content=\"2012-12-15T10:15:11+00:00\" \/>\n<meta property=\"og:image\" content=\"http:\/\/www.herschdurfer-karneval.de\/wpr\/wp-content\/uploads\/2012\/12\/saisoneroeffnung_2012_uebergabe_520px.jpg\" \/>\n<meta name=\"author\" content=\"ccclaus\" \/>\n<meta name=\"twitter:card\" content=\"summary_large_image\" \/>\n<meta name=\"twitter:creator\" content=\"@MihedoKarneval\" \/>\n<meta name=\"twitter:site\" content=\"@MihedoKarneval\" \/>\n<meta name=\"twitter:label1\" content=\"Verfasst von\" \/>\n\t<meta name=\"twitter:data1\" content=\"ccclaus\" \/>\n\t<meta name=\"twitter:label2\" content=\"Gesch\u00e4tzte Lesezeit\" \/>\n\t<meta name=\"twitter:data2\" content=\"2\u00a0Minuten\" \/>\n<script type=\"application\/ld+json\" class=\"yoast-schema-graph\">{\"@context\":\"https:\/\/schema.org\",\"@graph\":[{\"@type\":\"Article\",\"@id\":\"http:\/\/www.herschdurfer-karneval.de\/wpr\/?p=958#article\",\"isPartOf\":{\"@id\":\"http:\/\/www.herschdurfer-karneval.de\/wpr\/?p=958\"},\"author\":{\"name\":\"ccclaus\",\"@id\":\"http:\/\/www.herschdurfer-karneval.de\/wpr\/#\/schema\/person\/348195a70aeab304b6d33cad8a97ae1e\"},\"headline\":\"Die 34. Saison wurde er\u00f6ffnet\",\"datePublished\":\"2012-12-15T10:15:11+00:00\",\"mainEntityOfPage\":{\"@id\":\"http:\/\/www.herschdurfer-karneval.de\/wpr\/?p=958\"},\"wordCount\":348,\"commentCount\":0,\"publisher\":{\"@id\":\"http:\/\/www.herschdurfer-karneval.de\/wpr\/#organization\"},\"image\":{\"@id\":\"http:\/\/www.herschdurfer-karneval.de\/wpr\/?p=958#primaryimage\"},\"thumbnailUrl\":\"http:\/\/www.herschdurfer-karneval.de\/wpr\/wp-content\/uploads\/2012\/12\/saisoneroeffnung_2012_uebergabe_520px.jpg\",\"keywords\":[\"Familientag\",\"Karnevalsauftakt\",\"Saisoner\u00f6ffnung\"],\"articleSection\":[\"R\u00fcckblick\"],\"inLanguage\":\"de\",\"potentialAction\":[{\"@type\":\"CommentAction\",\"name\":\"Comment\",\"target\":[\"http:\/\/www.herschdurfer-karneval.de\/wpr\/?p=958#respond\"]}]},{\"@type\":\"WebPage\",\"@id\":\"http:\/\/www.herschdurfer-karneval.de\/wpr\/?p=958\",\"url\":\"http:\/\/www.herschdurfer-karneval.de\/wpr\/?p=958\",\"name\":\"Die 34. Saison wurde er\u00f6ffnet - Herschdurfer Karneval\",\"isPartOf\":{\"@id\":\"http:\/\/www.herschdurfer-karneval.de\/wpr\/#website\"},\"primaryImageOfPage\":{\"@id\":\"http:\/\/www.herschdurfer-karneval.de\/wpr\/?p=958#primaryimage\"},\"image\":{\"@id\":\"http:\/\/www.herschdurfer-karneval.de\/wpr\/?p=958#primaryimage\"},\"thumbnailUrl\":\"http:\/\/www.herschdurfer-karneval.de\/wpr\/wp-content\/uploads\/2012\/12\/saisoneroeffnung_2012_uebergabe_520px.jpg\",\"datePublished\":\"2012-12-15T10:15:11+00:00\",\"breadcrumb\":{\"@id\":\"http:\/\/www.herschdurfer-karneval.de\/wpr\/?p=958#breadcrumb\"},\"inLanguage\":\"de\",\"potentialAction\":[{\"@type\":\"ReadAction\",\"target\":[\"http:\/\/www.herschdurfer-karneval.de\/wpr\/?p=958\"]}]},{\"@type\":\"ImageObject\",\"inLanguage\":\"de\",\"@id\":\"http:\/\/www.herschdurfer-karneval.de\/wpr\/?p=958#primaryimage\",\"url\":\"http:\/\/www.herschdurfer-karneval.de\/wpr\/wp-content\/uploads\/2012\/12\/saisoneroeffnung_2012_uebergabe_520px.jpg\",\"contentUrl\":\"http:\/\/www.herschdurfer-karneval.de\/wpr\/wp-content\/uploads\/2012\/12\/saisoneroeffnung_2012_uebergabe_520px.jpg\",\"width\":520,\"height\":345,\"caption\":\"Der B\u00fcrgermeister Markus Hallmann \u00fcbergibt feierlich den Amtsschl\u00fcssel nebst Gemeindekasse an den Karnevalsverein\"},{\"@type\":\"BreadcrumbList\",\"@id\":\"http:\/\/www.herschdurfer-karneval.de\/wpr\/?p=958#breadcrumb\",\"itemListElement\":[{\"@type\":\"ListItem\",\"position\":1,\"name\":\"Startseite\",\"item\":\"http:\/\/www.herschdurfer-karneval.de\/wpr\"},{\"@type\":\"ListItem\",\"position\":2,\"name\":\"Die 34. Saison wurde er\u00f6ffnet\"}]},{\"@type\":\"WebSite\",\"@id\":\"http:\/\/www.herschdurfer-karneval.de\/wpr\/#website\",\"url\":\"http:\/\/www.herschdurfer-karneval.de\/wpr\/\",\"name\":\"Herschdurfer Karneval\",\"description\":\"Die Webpr\u00e4senz des Mittelherwigsdorfer Karnevalsvereins.\",\"publisher\":{\"@id\":\"http:\/\/www.herschdurfer-karneval.de\/wpr\/#organization\"},\"potentialAction\":[{\"@type\":\"SearchAction\",\"target\":{\"@type\":\"EntryPoint\",\"urlTemplate\":\"http:\/\/www.herschdurfer-karneval.de\/wpr\/?s={search_term_string}\"},\"query-input\":{\"@type\":\"PropertyValueSpecification\",\"valueRequired\":true,\"valueName\":\"search_term_string\"}}],\"inLanguage\":\"de\"},{\"@type\":\"Organization\",\"@id\":\"http:\/\/www.herschdurfer-karneval.de\/wpr\/#organization\",\"name\":\"Herschdurfer Karnevalsverein e.V.\",\"alternateName\":\"HKV\",\"url\":\"http:\/\/www.herschdurfer-karneval.de\/wpr\/\",\"logo\":{\"@type\":\"ImageObject\",\"inLanguage\":\"de\",\"@id\":\"http:\/\/www.herschdurfer-karneval.de\/wpr\/#\/schema\/logo\/image\/\",\"url\":\"http:\/\/www.herschdurfer-karneval.de\/wpr\/wp-content\/uploads\/2020\/03\/hkv-logo_800x800_-BonW_noGrad.png\",\"contentUrl\":\"http:\/\/www.herschdurfer-karneval.de\/wpr\/wp-content\/uploads\/2020\/03\/hkv-logo_800x800_-BonW_noGrad.png\",\"width\":800,\"height\":800,\"caption\":\"Herschdurfer Karnevalsverein e.V.\"},\"image\":{\"@id\":\"http:\/\/www.herschdurfer-karneval.de\/wpr\/#\/schema\/logo\/image\/\"},\"sameAs\":[\"https:\/\/www.facebook.com\/HerschdurferKarneval\",\"https:\/\/x.com\/MihedoKarneval\"]},{\"@type\":\"Person\",\"@id\":\"http:\/\/www.herschdurfer-karneval.de\/wpr\/#\/schema\/person\/348195a70aeab304b6d33cad8a97ae1e\",\"name\":\"ccclaus\",\"image\":{\"@type\":\"ImageObject\",\"inLanguage\":\"de\",\"@id\":\"http:\/\/www.herschdurfer-karneval.de\/wpr\/#\/schema\/person\/image\/\",\"url\":\"https:\/\/secure.gravatar.com\/avatar\/bfb0a99cf724a24e26256534f6be6749050c1d32a883222c283c46e52e6586ec?s=96&d=blank&r=g\",\"contentUrl\":\"https:\/\/secure.gravatar.com\/avatar\/bfb0a99cf724a24e26256534f6be6749050c1d32a883222c283c46e52e6586ec?s=96&d=blank&r=g\",\"caption\":\"ccclaus\"}}]}<\/script>\n<!-- \/ Yoast SEO plugin. -->","yoast_head_json":{"title":"Die 34. Saison wurde er\u00f6ffnet - Herschdurfer Karneval","robots":{"index":"index","follow":"follow","max-snippet":"max-snippet:-1","max-image-preview":"max-image-preview:large","max-video-preview":"max-video-preview:-1"},"canonical":"http:\/\/www.herschdurfer-karneval.de\/wpr\/?p=958","og_locale":"de_DE","og_type":"article","og_title":"Die 34. Saison wurde er\u00f6ffnet - Herschdurfer Karneval","og_description":"Der nachfolgende Text stammt aus dem Amtsblatt Mittelherwigsdorf vom Dezember 2012. Wir danken unserer Besucherin Ute f\u00fcr die wirklich tolle Berichterstattung! Die 34. Saison wurde er\u00f6ffnet P\u00fcnktlich am 11.11. war ich um 11:11 Uhr im Vereinshaus der Herschdurfer Karnevalsvereins zu Gast. Die voll besetzten Tische versprachen eine fr\u00f6hliche Stimmung f\u00fcr \u2026 Hier klicken f\u00fcr den vollst\u00e4ndigen Artikel. &rarr;","og_url":"http:\/\/www.herschdurfer-karneval.de\/wpr\/?p=958","og_site_name":"Herschdurfer Karneval","article_publisher":"https:\/\/www.facebook.com\/HerschdurferKarneval","article_published_time":"2012-12-15T10:15:11+00:00","og_image":[{"url":"http:\/\/www.herschdurfer-karneval.de\/wpr\/wp-content\/uploads\/2012\/12\/saisoneroeffnung_2012_uebergabe_520px.jpg","type":"","width":"","height":""}],"author":"ccclaus","twitter_card":"summary_large_image","twitter_creator":"@MihedoKarneval","twitter_site":"@MihedoKarneval","twitter_misc":{"Verfasst von":"ccclaus","Gesch\u00e4tzte Lesezeit":"2\u00a0Minuten"},"schema":{"@context":"https:\/\/schema.org","@graph":[{"@type":"Article","@id":"http:\/\/www.herschdurfer-karneval.de\/wpr\/?p=958#article","isPartOf":{"@id":"http:\/\/www.herschdurfer-karneval.de\/wpr\/?p=958"},"author":{"name":"ccclaus","@id":"http:\/\/www.herschdurfer-karneval.de\/wpr\/#\/schema\/person\/348195a70aeab304b6d33cad8a97ae1e"},"headline":"Die 34. Saison wurde er\u00f6ffnet","datePublished":"2012-12-15T10:15:11+00:00","mainEntityOfPage":{"@id":"http:\/\/www.herschdurfer-karneval.de\/wpr\/?p=958"},"wordCount":348,"commentCount":0,"publisher":{"@id":"http:\/\/www.herschdurfer-karneval.de\/wpr\/#organization"},"image":{"@id":"http:\/\/www.herschdurfer-karneval.de\/wpr\/?p=958#primaryimage"},"thumbnailUrl":"http:\/\/www.herschdurfer-karneval.de\/wpr\/wp-content\/uploads\/2012\/12\/saisoneroeffnung_2012_uebergabe_520px.jpg","keywords":["Familientag","Karnevalsauftakt","Saisoner\u00f6ffnung"],"articleSection":["R\u00fcckblick"],"inLanguage":"de","potentialAction":[{"@type":"CommentAction","name":"Comment","target":["http:\/\/www.herschdurfer-karneval.de\/wpr\/?p=958#respond"]}]},{"@type":"WebPage","@id":"http:\/\/www.herschdurfer-karneval.de\/wpr\/?p=958","url":"http:\/\/www.herschdurfer-karneval.de\/wpr\/?p=958","name":"Die 34. Saison wurde er\u00f6ffnet - Herschdurfer Karneval","isPartOf":{"@id":"http:\/\/www.herschdurfer-karneval.de\/wpr\/#website"},"primaryImageOfPage":{"@id":"http:\/\/www.herschdurfer-karneval.de\/wpr\/?p=958#primaryimage"},"image":{"@id":"http:\/\/www.herschdurfer-karneval.de\/wpr\/?p=958#primaryimage"},"thumbnailUrl":"http:\/\/www.herschdurfer-karneval.de\/wpr\/wp-content\/uploads\/2012\/12\/saisoneroeffnung_2012_uebergabe_520px.jpg","datePublished":"2012-12-15T10:15:11+00:00","breadcrumb":{"@id":"http:\/\/www.herschdurfer-karneval.de\/wpr\/?p=958#breadcrumb"},"inLanguage":"de","potentialAction":[{"@type":"ReadAction","target":["http:\/\/www.herschdurfer-karneval.de\/wpr\/?p=958"]}]},{"@type":"ImageObject","inLanguage":"de","@id":"http:\/\/www.herschdurfer-karneval.de\/wpr\/?p=958#primaryimage","url":"http:\/\/www.herschdurfer-karneval.de\/wpr\/wp-content\/uploads\/2012\/12\/saisoneroeffnung_2012_uebergabe_520px.jpg","contentUrl":"http:\/\/www.herschdurfer-karneval.de\/wpr\/wp-content\/uploads\/2012\/12\/saisoneroeffnung_2012_uebergabe_520px.jpg","width":520,"height":345,"caption":"Der B\u00fcrgermeister Markus Hallmann \u00fcbergibt feierlich den Amtsschl\u00fcssel nebst Gemeindekasse an den Karnevalsverein"},{"@type":"BreadcrumbList","@id":"http:\/\/www.herschdurfer-karneval.de\/wpr\/?p=958#breadcrumb","itemListElement":[{"@type":"ListItem","position":1,"name":"Startseite","item":"http:\/\/www.herschdurfer-karneval.de\/wpr"},{"@type":"ListItem","position":2,"name":"Die 34. Saison wurde er\u00f6ffnet"}]},{"@type":"WebSite","@id":"http:\/\/www.herschdurfer-karneval.de\/wpr\/#website","url":"http:\/\/www.herschdurfer-karneval.de\/wpr\/","name":"Herschdurfer Karneval","description":"Die Webpr\u00e4senz des Mittelherwigsdorfer Karnevalsvereins.","publisher":{"@id":"http:\/\/www.herschdurfer-karneval.de\/wpr\/#organization"},"potentialAction":[{"@type":"SearchAction","target":{"@type":"EntryPoint","urlTemplate":"http:\/\/www.herschdurfer-karneval.de\/wpr\/?s={search_term_string}"},"query-input":{"@type":"PropertyValueSpecification","valueRequired":true,"valueName":"search_term_string"}}],"inLanguage":"de"},{"@type":"Organization","@id":"http:\/\/www.herschdurfer-karneval.de\/wpr\/#organization","name":"Herschdurfer Karnevalsverein e.V.","alternateName":"HKV","url":"http:\/\/www.herschdurfer-karneval.de\/wpr\/","logo":{"@type":"ImageObject","inLanguage":"de","@id":"http:\/\/www.herschdurfer-karneval.de\/wpr\/#\/schema\/logo\/image\/","url":"http:\/\/www.herschdurfer-karneval.de\/wpr\/wp-content\/uploads\/2020\/03\/hkv-logo_800x800_-BonW_noGrad.png","contentUrl":"http:\/\/www.herschdurfer-karneval.de\/wpr\/wp-content\/uploads\/2020\/03\/hkv-logo_800x800_-BonW_noGrad.png","width":800,"height":800,"caption":"Herschdurfer Karnevalsverein e.V."},"image":{"@id":"http:\/\/www.herschdurfer-karneval.de\/wpr\/#\/schema\/logo\/image\/"},"sameAs":["https:\/\/www.facebook.com\/HerschdurferKarneval","https:\/\/x.com\/MihedoKarneval"]},{"@type":"Person","@id":"http:\/\/www.herschdurfer-karneval.de\/wpr\/#\/schema\/person\/348195a70aeab304b6d33cad8a97ae1e","name":"ccclaus","image":{"@type":"ImageObject","inLanguage":"de","@id":"http:\/\/www.herschdurfer-karneval.de\/wpr\/#\/schema\/person\/image\/","url":"https:\/\/secure.gravatar.com\/avatar\/bfb0a99cf724a24e26256534f6be6749050c1d32a883222c283c46e52e6586ec?s=96&d=blank&r=g","contentUrl":"https:\/\/secure.gravatar.com\/avatar\/bfb0a99cf724a24e26256534f6be6749050c1d32a883222c283c46e52e6586ec?s=96&d=blank&r=g","caption":"ccclaus"}}]}},"_links":{"self":[{"href":"http:\/\/www.herschdurfer-karneval.de\/wpr\/index.php?rest_route=\/wp\/v2\/posts\/958","targetHints":{"allow":["GET"]}}],"collection":[{"href":"http:\/\/www.herschdurfer-karneval.de\/wpr\/index.php?rest_route=\/wp\/v2\/posts"}],"about":[{"href":"http:\/\/www.herschdurfer-karneval.de\/wpr\/index.php?rest_route=\/wp\/v2\/types\/post"}],"author":[{"embeddable":true,"href":"http:\/\/www.herschdurfer-karneval.de\/wpr\/index.php?rest_route=\/wp\/v2\/users\/1"}],"replies":[{"embeddable":true,"href":"http:\/\/www.herschdurfer-karneval.de\/wpr\/index.php?rest_route=%2Fwp%2Fv2%2Fcomments&post=958"}],"version-history":[{"count":0,"href":"http:\/\/www.herschdurfer-karneval.de\/wpr\/index.php?rest_route=\/wp\/v2\/posts\/958\/revisions"}],"wp:attachment":[{"href":"http:\/\/www.herschdurfer-karneval.de\/wpr\/index.php?rest_route=%2Fwp%2Fv2%2Fmedia&parent=958"}],"wp:term":[{"taxonomy":"category","embeddable":true,"href":"http:\/\/www.herschdurfer-karneval.de\/wpr\/index.php?rest_route=%2Fwp%2Fv2%2Fcategories&post=958"},{"taxonomy":"post_tag","embeddable":true,"href":"http:\/\/www.herschdurfer-karneval.de\/wpr\/index.php?rest_route=%2Fwp%2Fv2%2Ftags&post=958"}],"curies":[{"name":"wp","href":"https:\/\/api.w.org\/{rel}","templated":true}]}}