{"id":2528,"date":"2018-06-03T11:11:04","date_gmt":"2018-06-03T09:11:04","guid":{"rendered":"http:\/\/www.herschdurfer-karneval.de\/wpr\/?p=2528"},"modified":"2018-09-01T22:00:12","modified_gmt":"2018-09-01T20:00:12","slug":"steaks-kruemeln-nicht-unser-sonnenwendfeuer-2018","status":"publish","type":"post","link":"http:\/\/www.herschdurfer-karneval.de\/wpr\/2018\/06\/steaks-kruemeln-nicht-unser-sonnenwendfeuer-2018","title":{"rendered":"Steaks kr\u00fcmeln nicht! &#8211; Sonnenwendfeuer 2018"},"content":{"rendered":"<p><a href=\"http:\/\/www.herschdurfer-karneval.de\/wpr\/wp-content\/uploads\/2018\/06\/Flyer_Sonnwend2018_v01.jpg\"><img loading=\"lazy\" decoding=\"async\" class=\"size-full wp-image-2529 alignleft\" src=\"http:\/\/www.herschdurfer-karneval.de\/wpr\/wp-content\/uploads\/2018\/06\/Flyer_Sonnwend2018_v01.jpg\" alt=\"\" width=\"800\" height=\"565\" srcset=\"http:\/\/www.herschdurfer-karneval.de\/wpr\/wp-content\/uploads\/2018\/06\/Flyer_Sonnwend2018_v01.jpg 800w, http:\/\/www.herschdurfer-karneval.de\/wpr\/wp-content\/uploads\/2018\/06\/Flyer_Sonnwend2018_v01-400x283.jpg 400w, http:\/\/www.herschdurfer-karneval.de\/wpr\/wp-content\/uploads\/2018\/06\/Flyer_Sonnwend2018_v01-768x542.jpg 768w, http:\/\/www.herschdurfer-karneval.de\/wpr\/wp-content\/uploads\/2018\/06\/Flyer_Sonnwend2018_v01-150x106.jpg 150w, http:\/\/www.herschdurfer-karneval.de\/wpr\/wp-content\/uploads\/2018\/06\/Flyer_Sonnwend2018_v01-212x150.jpg 212w\" sizes=\"auto, (max-width: 800px) 100vw, 800px\" \/><\/a><br \/>\nAuch 2018 m\u00f6chten wir Euch zum traditionellen Sonnenwendfeuer einladen. Es findet am <strong>Samstag, den 23. Juni<\/strong> wieder auf der Wiese neben dem Lagerplatz der Gemeinde, also ganz in der N\u00e4he unserem Vereinshauses an der Stra\u00dfe der Pioniere statt (bitte Markierung auf der Karte beachten). F\u00fcr das leibliche Wohl f\u00fcr kleines Geld ist wieder in bew\u00e4hrter Weise gesorgt. Wir freuen uns auf Euch!<br \/>\n<!--more--><\/p>\n<p>Euer Herschdurfer Karnevalsverein e.V.<\/p>\n<p><strong>P.S.:<\/strong> Hier gibt es noch den Flyer zur Veranstaltung <a href=\"http:\/\/www.herschdurfer-karneval.de\/wpr\/wp-content\/uploads\/2018\/06\/sonnwend2018_flyer_v01_web.pdf\">in normaler Aufl\u00f6sung<\/a> und <a href=\"http:\/\/www.herschdurfer-karneval.de\/wpr\/wp-content\/uploads\/2018\/06\/sonnwend2018_flyer_v01_hiQ.pdf\">in hoher Aufl\u00f6sung<\/a> zum Ausdrucken, Aufb\u00fcgeln und Weiterreichen!<\/p>\n<p><a href=\"http:\/\/www.herschdurfer-karneval.de\/wpr\/wp-content\/uploads\/2015\/10\/map_sonnwendfeuer.jpg\"><img loading=\"lazy\" decoding=\"async\" class=\"size-full wp-image-1704 alignleft\" title=\"map_sonnwendfeuer\" src=\"http:\/\/www.herschdurfer-karneval.de\/wpr\/wp-content\/uploads\/2015\/10\/map_sonnwendfeuer.jpg\" alt=\"map_sonnwendfeuer\" width=\"529\" height=\"347\" srcset=\"http:\/\/www.herschdurfer-karneval.de\/wpr\/wp-content\/uploads\/2015\/10\/map_sonnwendfeuer.jpg 529w, http:\/\/www.herschdurfer-karneval.de\/wpr\/wp-content\/uploads\/2015\/10\/map_sonnwendfeuer-300x197.jpg 300w\" sizes=\"auto, (max-width: 529px) 100vw, 529px\" \/><\/a><br \/>\n<small><a href=\"http:\/\/www.openstreetmap.org\/copyright\">\u00a9 OpenStreetMap contributors<\/a><\/small><\/p>\n","protected":false},"excerpt":{"rendered":"<p>Auch 2018 m\u00f6chten wir Euch zum traditionellen Sonnenwendfeuer einladen. Es findet am Samstag, den 23. Juni wieder auf der Wiese neben dem Lagerplatz der Gemeinde, also ganz in der N\u00e4he unserem Vereinshauses an der Stra\u00dfe der Pioniere statt (bitte Markierung auf der Karte beachten). F\u00fcr das leibliche Wohl f\u00fcr kleines \u2026 <a class=\"continue-reading-link\" href=\"http:\/\/www.herschdurfer-karneval.de\/wpr\/2018\/06\/steaks-kruemeln-nicht-unser-sonnenwendfeuer-2018\">Hier klicken f\u00fcr den vollst\u00e4ndigen Artikel. <span class=\"meta-nav\">&rarr; <\/span><\/a><\/p>\n","protected":false},"author":1,"featured_media":0,"comment_status":"open","ping_status":"open","sticky":false,"template":"","format":"standard","meta":{"footnotes":""},"categories":[2],"tags":[234,261,268,80,86,112,267,134],"class_list":["post-2528","post","type-post","status-publish","format-standard","hentry","category-aktuelles","tag-234","tag-dorffest","tag-grillfest","tag-lagerfeuer","tag-mittelherwigsdorf","tag-sonnenwende","tag-sonnenwendfeuer","tag-veranstaltung"],"yoast_head":"<!-- This site is optimized with the Yoast SEO plugin v28.3 - https:\/\/yoast.com\/product\/yoast-seo-wordpress\/ -->\n<title>Steaks kr\u00fcmeln nicht! - Sonnenwendfeuer 2018 - Herschdurfer Karneval<\/title>\n<meta name=\"description\" content=\"Auch 2018 m\u00f6chte euch der Herschdurfer Karnevalsverein e. V. zum traditionellen Sonnenwendfeuer einladen. Es findet am Samstag, den 23. Juni auf der Wiese neben dem Lagerplatz der Gemeinde, also ganz in der N\u00e4he des Vereinshauses statt.\" \/>\n<meta name=\"robots\" content=\"index, follow, max-snippet:-1, max-image-preview:large, max-video-preview:-1\" \/>\n<link rel=\"canonical\" href=\"http:\/\/www.herschdurfer-karneval.de\/wpr\/2018\/06\/steaks-kruemeln-nicht-unser-sonnenwendfeuer-2018\" \/>\n<meta property=\"og:locale\" content=\"de_DE\" \/>\n<meta property=\"og:type\" content=\"article\" \/>\n<meta property=\"og:title\" content=\"Steaks kr\u00fcmeln nicht! - Sonnenwendfeuer 2018 - Herschdurfer Karneval\" \/>\n<meta property=\"og:description\" content=\"Auch 2018 m\u00f6chte euch der Herschdurfer Karnevalsverein e. V. zum traditionellen Sonnenwendfeuer einladen. Es findet am Samstag, den 23. Juni auf der Wiese neben dem Lagerplatz der Gemeinde, also ganz in der N\u00e4he des Vereinshauses statt.\" \/>\n<meta property=\"og:url\" content=\"http:\/\/www.herschdurfer-karneval.de\/wpr\/2018\/06\/steaks-kruemeln-nicht-unser-sonnenwendfeuer-2018\" \/>\n<meta property=\"og:site_name\" content=\"Herschdurfer Karneval\" \/>\n<meta property=\"article:publisher\" content=\"https:\/\/www.facebook.com\/HerschdurferKarneval\" \/>\n<meta property=\"article:published_time\" content=\"2018-06-03T09:11:04+00:00\" \/>\n<meta property=\"article:modified_time\" content=\"2018-09-01T20:00:12+00:00\" \/>\n<meta property=\"og:image\" content=\"http:\/\/www.herschdurfer-karneval.de\/wpr\/wp-content\/uploads\/2018\/06\/Flyer_Sonnwend2018_v01.jpg\" \/>\n<meta name=\"author\" content=\"ccclaus\" \/>\n<meta name=\"twitter:card\" content=\"summary_large_image\" \/>\n<meta name=\"twitter:creator\" content=\"@MihedoKarneval\" \/>\n<meta name=\"twitter:site\" content=\"@MihedoKarneval\" \/>\n<meta name=\"twitter:label1\" content=\"Verfasst von\" \/>\n\t<meta name=\"twitter:data1\" content=\"ccclaus\" \/>\n<script type=\"application\/ld+json\" class=\"yoast-schema-graph\">{\"@context\":\"https:\\\/\\\/schema.org\",\"@graph\":[{\"@type\":\"Article\",\"@id\":\"http:\\\/\\\/www.herschdurfer-karneval.de\\\/wpr\\\/2018\\\/06\\\/steaks-kruemeln-nicht-unser-sonnenwendfeuer-2018#article\",\"isPartOf\":{\"@id\":\"http:\\\/\\\/www.herschdurfer-karneval.de\\\/wpr\\\/2018\\\/06\\\/steaks-kruemeln-nicht-unser-sonnenwendfeuer-2018\"},\"author\":{\"name\":\"ccclaus\",\"@id\":\"http:\\\/\\\/www.herschdurfer-karneval.de\\\/wpr\\\/#\\\/schema\\\/person\\\/348195a70aeab304b6d33cad8a97ae1e\"},\"headline\":\"Steaks kr\u00fcmeln nicht! &#8211; Sonnenwendfeuer 2018\",\"datePublished\":\"2018-06-03T09:11:04+00:00\",\"dateModified\":\"2018-09-01T20:00:12+00:00\",\"mainEntityOfPage\":{\"@id\":\"http:\\\/\\\/www.herschdurfer-karneval.de\\\/wpr\\\/2018\\\/06\\\/steaks-kruemeln-nicht-unser-sonnenwendfeuer-2018\"},\"wordCount\":104,\"commentCount\":0,\"publisher\":{\"@id\":\"http:\\\/\\\/www.herschdurfer-karneval.de\\\/wpr\\\/#organization\"},\"image\":{\"@id\":\"http:\\\/\\\/www.herschdurfer-karneval.de\\\/wpr\\\/2018\\\/06\\\/steaks-kruemeln-nicht-unser-sonnenwendfeuer-2018#primaryimage\"},\"thumbnailUrl\":\"http:\\\/\\\/www.herschdurfer-karneval.de\\\/wpr\\\/wp-content\\\/uploads\\\/2018\\\/06\\\/Flyer_Sonnwend2018_v01.jpg\",\"keywords\":[\"2018\",\"Dorffest\",\"Grillfest\",\"Lagerfeuer\",\"Mittelherwigsdorf\",\"Sonnenwende\",\"Sonnenwendfeuer\",\"Veranstaltung\"],\"articleSection\":[\"Aktuelles\"],\"inLanguage\":\"de\",\"potentialAction\":[{\"@type\":\"CommentAction\",\"name\":\"Comment\",\"target\":[\"http:\\\/\\\/www.herschdurfer-karneval.de\\\/wpr\\\/2018\\\/06\\\/steaks-kruemeln-nicht-unser-sonnenwendfeuer-2018#respond\"]}]},{\"@type\":\"WebPage\",\"@id\":\"http:\\\/\\\/www.herschdurfer-karneval.de\\\/wpr\\\/2018\\\/06\\\/steaks-kruemeln-nicht-unser-sonnenwendfeuer-2018\",\"url\":\"http:\\\/\\\/www.herschdurfer-karneval.de\\\/wpr\\\/2018\\\/06\\\/steaks-kruemeln-nicht-unser-sonnenwendfeuer-2018\",\"name\":\"Steaks kr\u00fcmeln nicht! - Sonnenwendfeuer 2018 - Herschdurfer Karneval\",\"isPartOf\":{\"@id\":\"http:\\\/\\\/www.herschdurfer-karneval.de\\\/wpr\\\/#website\"},\"primaryImageOfPage\":{\"@id\":\"http:\\\/\\\/www.herschdurfer-karneval.de\\\/wpr\\\/2018\\\/06\\\/steaks-kruemeln-nicht-unser-sonnenwendfeuer-2018#primaryimage\"},\"image\":{\"@id\":\"http:\\\/\\\/www.herschdurfer-karneval.de\\\/wpr\\\/2018\\\/06\\\/steaks-kruemeln-nicht-unser-sonnenwendfeuer-2018#primaryimage\"},\"thumbnailUrl\":\"http:\\\/\\\/www.herschdurfer-karneval.de\\\/wpr\\\/wp-content\\\/uploads\\\/2018\\\/06\\\/Flyer_Sonnwend2018_v01.jpg\",\"datePublished\":\"2018-06-03T09:11:04+00:00\",\"dateModified\":\"2018-09-01T20:00:12+00:00\",\"description\":\"Auch 2018 m\u00f6chte euch der Herschdurfer Karnevalsverein e. V. zum traditionellen Sonnenwendfeuer einladen. Es findet am Samstag, den 23. Juni auf der Wiese neben dem Lagerplatz der Gemeinde, also ganz in der N\u00e4he des Vereinshauses statt.\",\"breadcrumb\":{\"@id\":\"http:\\\/\\\/www.herschdurfer-karneval.de\\\/wpr\\\/2018\\\/06\\\/steaks-kruemeln-nicht-unser-sonnenwendfeuer-2018#breadcrumb\"},\"inLanguage\":\"de\",\"potentialAction\":[{\"@type\":\"ReadAction\",\"target\":[\"http:\\\/\\\/www.herschdurfer-karneval.de\\\/wpr\\\/2018\\\/06\\\/steaks-kruemeln-nicht-unser-sonnenwendfeuer-2018\"]}]},{\"@type\":\"ImageObject\",\"inLanguage\":\"de\",\"@id\":\"http:\\\/\\\/www.herschdurfer-karneval.de\\\/wpr\\\/2018\\\/06\\\/steaks-kruemeln-nicht-unser-sonnenwendfeuer-2018#primaryimage\",\"url\":\"http:\\\/\\\/www.herschdurfer-karneval.de\\\/wpr\\\/wp-content\\\/uploads\\\/2018\\\/06\\\/Flyer_Sonnwend2018_v01.jpg\",\"contentUrl\":\"http:\\\/\\\/www.herschdurfer-karneval.de\\\/wpr\\\/wp-content\\\/uploads\\\/2018\\\/06\\\/Flyer_Sonnwend2018_v01.jpg\",\"width\":800,\"height\":565},{\"@type\":\"BreadcrumbList\",\"@id\":\"http:\\\/\\\/www.herschdurfer-karneval.de\\\/wpr\\\/2018\\\/06\\\/steaks-kruemeln-nicht-unser-sonnenwendfeuer-2018#breadcrumb\",\"itemListElement\":[{\"@type\":\"ListItem\",\"position\":1,\"name\":\"Startseite\",\"item\":\"http:\\\/\\\/www.herschdurfer-karneval.de\\\/wpr\"},{\"@type\":\"ListItem\",\"position\":2,\"name\":\"Steaks kr\u00fcmeln nicht! &#8211; Sonnenwendfeuer 2018\"}]},{\"@type\":\"WebSite\",\"@id\":\"http:\\\/\\\/www.herschdurfer-karneval.de\\\/wpr\\\/#website\",\"url\":\"http:\\\/\\\/www.herschdurfer-karneval.de\\\/wpr\\\/\",\"name\":\"Herschdurfer Karneval\",\"description\":\"Die Webpr\u00e4senz des Mittelherwigsdorfer Karnevalsvereins.\",\"publisher\":{\"@id\":\"http:\\\/\\\/www.herschdurfer-karneval.de\\\/wpr\\\/#organization\"},\"potentialAction\":[{\"@type\":\"SearchAction\",\"target\":{\"@type\":\"EntryPoint\",\"urlTemplate\":\"http:\\\/\\\/www.herschdurfer-karneval.de\\\/wpr\\\/?s={search_term_string}\"},\"query-input\":{\"@type\":\"PropertyValueSpecification\",\"valueRequired\":true,\"valueName\":\"search_term_string\"}}],\"inLanguage\":\"de\"},{\"@type\":\"Organization\",\"@id\":\"http:\\\/\\\/www.herschdurfer-karneval.de\\\/wpr\\\/#organization\",\"name\":\"Herschdurfer Karnevalsverein e.V.\",\"alternateName\":\"HKV\",\"url\":\"http:\\\/\\\/www.herschdurfer-karneval.de\\\/wpr\\\/\",\"logo\":{\"@type\":\"ImageObject\",\"inLanguage\":\"de\",\"@id\":\"http:\\\/\\\/www.herschdurfer-karneval.de\\\/wpr\\\/#\\\/schema\\\/logo\\\/image\\\/\",\"url\":\"http:\\\/\\\/www.herschdurfer-karneval.de\\\/wpr\\\/wp-content\\\/uploads\\\/2020\\\/03\\\/hkv-logo_800x800_-BonW_noGrad.png\",\"contentUrl\":\"http:\\\/\\\/www.herschdurfer-karneval.de\\\/wpr\\\/wp-content\\\/uploads\\\/2020\\\/03\\\/hkv-logo_800x800_-BonW_noGrad.png\",\"width\":800,\"height\":800,\"caption\":\"Herschdurfer Karnevalsverein e.V.\"},\"image\":{\"@id\":\"http:\\\/\\\/www.herschdurfer-karneval.de\\\/wpr\\\/#\\\/schema\\\/logo\\\/image\\\/\"},\"sameAs\":[\"https:\\\/\\\/www.facebook.com\\\/HerschdurferKarneval\",\"https:\\\/\\\/x.com\\\/MihedoKarneval\"]},{\"@type\":\"Person\",\"@id\":\"http:\\\/\\\/www.herschdurfer-karneval.de\\\/wpr\\\/#\\\/schema\\\/person\\\/348195a70aeab304b6d33cad8a97ae1e\",\"name\":\"ccclaus\",\"image\":{\"@type\":\"ImageObject\",\"inLanguage\":\"de\",\"@id\":\"https:\\\/\\\/secure.gravatar.com\\\/avatar\\\/bfb0a99cf724a24e26256534f6be6749050c1d32a883222c283c46e52e6586ec?s=96&d=blank&r=g\",\"url\":\"https:\\\/\\\/secure.gravatar.com\\\/avatar\\\/bfb0a99cf724a24e26256534f6be6749050c1d32a883222c283c46e52e6586ec?s=96&d=blank&r=g\",\"contentUrl\":\"https:\\\/\\\/secure.gravatar.com\\\/avatar\\\/bfb0a99cf724a24e26256534f6be6749050c1d32a883222c283c46e52e6586ec?s=96&d=blank&r=g\",\"caption\":\"ccclaus\"}}]}<\/script>\n<!-- \/ Yoast SEO plugin. -->","yoast_head_json":{"title":"Steaks kr\u00fcmeln nicht! - Sonnenwendfeuer 2018 - Herschdurfer Karneval","description":"Auch 2018 m\u00f6chte euch der Herschdurfer Karnevalsverein e. V. zum traditionellen Sonnenwendfeuer einladen. Es findet am Samstag, den 23. Juni auf der Wiese neben dem Lagerplatz der Gemeinde, also ganz in der N\u00e4he des Vereinshauses statt.","robots":{"index":"index","follow":"follow","max-snippet":"max-snippet:-1","max-image-preview":"max-image-preview:large","max-video-preview":"max-video-preview:-1"},"canonical":"http:\/\/www.herschdurfer-karneval.de\/wpr\/2018\/06\/steaks-kruemeln-nicht-unser-sonnenwendfeuer-2018","og_locale":"de_DE","og_type":"article","og_title":"Steaks kr\u00fcmeln nicht! - Sonnenwendfeuer 2018 - Herschdurfer Karneval","og_description":"Auch 2018 m\u00f6chte euch der Herschdurfer Karnevalsverein e. V. zum traditionellen Sonnenwendfeuer einladen. Es findet am Samstag, den 23. Juni auf der Wiese neben dem Lagerplatz der Gemeinde, also ganz in der N\u00e4he des Vereinshauses statt.","og_url":"http:\/\/www.herschdurfer-karneval.de\/wpr\/2018\/06\/steaks-kruemeln-nicht-unser-sonnenwendfeuer-2018","og_site_name":"Herschdurfer Karneval","article_publisher":"https:\/\/www.facebook.com\/HerschdurferKarneval","article_published_time":"2018-06-03T09:11:04+00:00","article_modified_time":"2018-09-01T20:00:12+00:00","og_image":[{"url":"http:\/\/www.herschdurfer-karneval.de\/wpr\/wp-content\/uploads\/2018\/06\/Flyer_Sonnwend2018_v01.jpg","type":"","width":"","height":""}],"author":"ccclaus","twitter_card":"summary_large_image","twitter_creator":"@MihedoKarneval","twitter_site":"@MihedoKarneval","twitter_misc":{"Verfasst von":"ccclaus"},"schema":{"@context":"https:\/\/schema.org","@graph":[{"@type":"Article","@id":"http:\/\/www.herschdurfer-karneval.de\/wpr\/2018\/06\/steaks-kruemeln-nicht-unser-sonnenwendfeuer-2018#article","isPartOf":{"@id":"http:\/\/www.herschdurfer-karneval.de\/wpr\/2018\/06\/steaks-kruemeln-nicht-unser-sonnenwendfeuer-2018"},"author":{"name":"ccclaus","@id":"http:\/\/www.herschdurfer-karneval.de\/wpr\/#\/schema\/person\/348195a70aeab304b6d33cad8a97ae1e"},"headline":"Steaks kr\u00fcmeln nicht! &#8211; Sonnenwendfeuer 2018","datePublished":"2018-06-03T09:11:04+00:00","dateModified":"2018-09-01T20:00:12+00:00","mainEntityOfPage":{"@id":"http:\/\/www.herschdurfer-karneval.de\/wpr\/2018\/06\/steaks-kruemeln-nicht-unser-sonnenwendfeuer-2018"},"wordCount":104,"commentCount":0,"publisher":{"@id":"http:\/\/www.herschdurfer-karneval.de\/wpr\/#organization"},"image":{"@id":"http:\/\/www.herschdurfer-karneval.de\/wpr\/2018\/06\/steaks-kruemeln-nicht-unser-sonnenwendfeuer-2018#primaryimage"},"thumbnailUrl":"http:\/\/www.herschdurfer-karneval.de\/wpr\/wp-content\/uploads\/2018\/06\/Flyer_Sonnwend2018_v01.jpg","keywords":["2018","Dorffest","Grillfest","Lagerfeuer","Mittelherwigsdorf","Sonnenwende","Sonnenwendfeuer","Veranstaltung"],"articleSection":["Aktuelles"],"inLanguage":"de","potentialAction":[{"@type":"CommentAction","name":"Comment","target":["http:\/\/www.herschdurfer-karneval.de\/wpr\/2018\/06\/steaks-kruemeln-nicht-unser-sonnenwendfeuer-2018#respond"]}]},{"@type":"WebPage","@id":"http:\/\/www.herschdurfer-karneval.de\/wpr\/2018\/06\/steaks-kruemeln-nicht-unser-sonnenwendfeuer-2018","url":"http:\/\/www.herschdurfer-karneval.de\/wpr\/2018\/06\/steaks-kruemeln-nicht-unser-sonnenwendfeuer-2018","name":"Steaks kr\u00fcmeln nicht! - Sonnenwendfeuer 2018 - Herschdurfer Karneval","isPartOf":{"@id":"http:\/\/www.herschdurfer-karneval.de\/wpr\/#website"},"primaryImageOfPage":{"@id":"http:\/\/www.herschdurfer-karneval.de\/wpr\/2018\/06\/steaks-kruemeln-nicht-unser-sonnenwendfeuer-2018#primaryimage"},"image":{"@id":"http:\/\/www.herschdurfer-karneval.de\/wpr\/2018\/06\/steaks-kruemeln-nicht-unser-sonnenwendfeuer-2018#primaryimage"},"thumbnailUrl":"http:\/\/www.herschdurfer-karneval.de\/wpr\/wp-content\/uploads\/2018\/06\/Flyer_Sonnwend2018_v01.jpg","datePublished":"2018-06-03T09:11:04+00:00","dateModified":"2018-09-01T20:00:12+00:00","description":"Auch 2018 m\u00f6chte euch der Herschdurfer Karnevalsverein e. V. zum traditionellen Sonnenwendfeuer einladen. Es findet am Samstag, den 23. Juni auf der Wiese neben dem Lagerplatz der Gemeinde, also ganz in der N\u00e4he des Vereinshauses statt.","breadcrumb":{"@id":"http:\/\/www.herschdurfer-karneval.de\/wpr\/2018\/06\/steaks-kruemeln-nicht-unser-sonnenwendfeuer-2018#breadcrumb"},"inLanguage":"de","potentialAction":[{"@type":"ReadAction","target":["http:\/\/www.herschdurfer-karneval.de\/wpr\/2018\/06\/steaks-kruemeln-nicht-unser-sonnenwendfeuer-2018"]}]},{"@type":"ImageObject","inLanguage":"de","@id":"http:\/\/www.herschdurfer-karneval.de\/wpr\/2018\/06\/steaks-kruemeln-nicht-unser-sonnenwendfeuer-2018#primaryimage","url":"http:\/\/www.herschdurfer-karneval.de\/wpr\/wp-content\/uploads\/2018\/06\/Flyer_Sonnwend2018_v01.jpg","contentUrl":"http:\/\/www.herschdurfer-karneval.de\/wpr\/wp-content\/uploads\/2018\/06\/Flyer_Sonnwend2018_v01.jpg","width":800,"height":565},{"@type":"BreadcrumbList","@id":"http:\/\/www.herschdurfer-karneval.de\/wpr\/2018\/06\/steaks-kruemeln-nicht-unser-sonnenwendfeuer-2018#breadcrumb","itemListElement":[{"@type":"ListItem","position":1,"name":"Startseite","item":"http:\/\/www.herschdurfer-karneval.de\/wpr"},{"@type":"ListItem","position":2,"name":"Steaks kr\u00fcmeln nicht! &#8211; Sonnenwendfeuer 2018"}]},{"@type":"WebSite","@id":"http:\/\/www.herschdurfer-karneval.de\/wpr\/#website","url":"http:\/\/www.herschdurfer-karneval.de\/wpr\/","name":"Herschdurfer Karneval","description":"Die Webpr\u00e4senz des Mittelherwigsdorfer Karnevalsvereins.","publisher":{"@id":"http:\/\/www.herschdurfer-karneval.de\/wpr\/#organization"},"potentialAction":[{"@type":"SearchAction","target":{"@type":"EntryPoint","urlTemplate":"http:\/\/www.herschdurfer-karneval.de\/wpr\/?s={search_term_string}"},"query-input":{"@type":"PropertyValueSpecification","valueRequired":true,"valueName":"search_term_string"}}],"inLanguage":"de"},{"@type":"Organization","@id":"http:\/\/www.herschdurfer-karneval.de\/wpr\/#organization","name":"Herschdurfer Karnevalsverein e.V.","alternateName":"HKV","url":"http:\/\/www.herschdurfer-karneval.de\/wpr\/","logo":{"@type":"ImageObject","inLanguage":"de","@id":"http:\/\/www.herschdurfer-karneval.de\/wpr\/#\/schema\/logo\/image\/","url":"http:\/\/www.herschdurfer-karneval.de\/wpr\/wp-content\/uploads\/2020\/03\/hkv-logo_800x800_-BonW_noGrad.png","contentUrl":"http:\/\/www.herschdurfer-karneval.de\/wpr\/wp-content\/uploads\/2020\/03\/hkv-logo_800x800_-BonW_noGrad.png","width":800,"height":800,"caption":"Herschdurfer Karnevalsverein e.V."},"image":{"@id":"http:\/\/www.herschdurfer-karneval.de\/wpr\/#\/schema\/logo\/image\/"},"sameAs":["https:\/\/www.facebook.com\/HerschdurferKarneval","https:\/\/x.com\/MihedoKarneval"]},{"@type":"Person","@id":"http:\/\/www.herschdurfer-karneval.de\/wpr\/#\/schema\/person\/348195a70aeab304b6d33cad8a97ae1e","name":"ccclaus","image":{"@type":"ImageObject","inLanguage":"de","@id":"https:\/\/secure.gravatar.com\/avatar\/bfb0a99cf724a24e26256534f6be6749050c1d32a883222c283c46e52e6586ec?s=96&d=blank&r=g","url":"https:\/\/secure.gravatar.com\/avatar\/bfb0a99cf724a24e26256534f6be6749050c1d32a883222c283c46e52e6586ec?s=96&d=blank&r=g","contentUrl":"https:\/\/secure.gravatar.com\/avatar\/bfb0a99cf724a24e26256534f6be6749050c1d32a883222c283c46e52e6586ec?s=96&d=blank&r=g","caption":"ccclaus"}}]}},"_links":{"self":[{"href":"http:\/\/www.herschdurfer-karneval.de\/wpr\/wp-json\/wp\/v2\/posts\/2528","targetHints":{"allow":["GET"]}}],"collection":[{"href":"http:\/\/www.herschdurfer-karneval.de\/wpr\/wp-json\/wp\/v2\/posts"}],"about":[{"href":"http:\/\/www.herschdurfer-karneval.de\/wpr\/wp-json\/wp\/v2\/types\/post"}],"author":[{"embeddable":true,"href":"http:\/\/www.herschdurfer-karneval.de\/wpr\/wp-json\/wp\/v2\/users\/1"}],"replies":[{"embeddable":true,"href":"http:\/\/www.herschdurfer-karneval.de\/wpr\/wp-json\/wp\/v2\/comments?post=2528"}],"version-history":[{"count":7,"href":"http:\/\/www.herschdurfer-karneval.de\/wpr\/wp-json\/wp\/v2\/posts\/2528\/revisions"}],"predecessor-version":[{"id":2763,"href":"http:\/\/www.herschdurfer-karneval.de\/wpr\/wp-json\/wp\/v2\/posts\/2528\/revisions\/2763"}],"wp:attachment":[{"href":"http:\/\/www.herschdurfer-karneval.de\/wpr\/wp-json\/wp\/v2\/media?parent=2528"}],"wp:term":[{"taxonomy":"category","embeddable":true,"href":"http:\/\/www.herschdurfer-karneval.de\/wpr\/wp-json\/wp\/v2\/categories?post=2528"},{"taxonomy":"post_tag","embeddable":true,"href":"http:\/\/www.herschdurfer-karneval.de\/wpr\/wp-json\/wp\/v2\/tags?post=2528"}],"curies":[{"name":"wp","href":"https:\/\/api.w.org\/{rel}","templated":true}]}}