{"id":517,"date":"2011-03-22T13:01:11","date_gmt":"2011-03-22T11:01:11","guid":{"rendered":"http:\/\/www.herschdurfer-karneval.de\/?p=517"},"modified":"2011-03-22T13:01:11","modified_gmt":"2011-03-22T11:01:11","slug":"zu-guter-letzt","status":"publish","type":"post","link":"http:\/\/www.herschdurfer-karneval.de\/wpr\/2011\/03\/zu-guter-letzt","title":{"rendered":"Zu guter Letzt&#8230;"},"content":{"rendered":"<p>Anstelle eines Schlusswortes zur vergangenen Karnevalssaison m\u00f6chte ich hier der Einfachheit halber gleich auf einen Artikel auf der Webseite der Gemeinde Mittelherwigsdorf verweisen:<br \/>\n<a href=\"http:\/\/www.mittelherwigsdorf.de\/aktuell-neu\/aktuell-einzelansicht\/article\/der-rathausschluessel-ist-zurueck-beim-ortschef.html?cHash=39618dca36ddf9284d99e0f31f7d5ba7\" target=\"_blank\"> mittelherwigsdorf.de &#8211; Der Rathausschl\u00fcssel ist zur\u00fcck beim Ortschef<\/a><\/p>\n<p>Wir m\u00f6chten uns bei allen Vereinsmitgliedern, Helfern, G\u00e4sten und Sponsoren f\u00fcr die getane Arbeit bedanken. Ohne euch w\u00e4re es unm\u00f6glich, in Herschdurf einen so sch\u00f6nen Fasching zu feiern.<\/p>\n<p>In diesem Sinne: <strong>\u201cKummt ock rei!\u201d<\/strong><\/p>\n<p><img loading=\"lazy\" decoding=\"async\" src=\"http:\/\/www.herschdurfer-karneval.de\/wpr\/wp-content\/uploads\/2010\/09\/buehne_vorhang_500px.png\" alt=\"buehne_vorhang_500px\" title=\"buehne_vorhang_500px\" width=\"500\" height=\"242\" class=\"aligncenter size-full wp-image-371\" srcset=\"http:\/\/www.herschdurfer-karneval.de\/wpr\/wp-content\/uploads\/2010\/09\/buehne_vorhang_500px.png 500w, http:\/\/www.herschdurfer-karneval.de\/wpr\/wp-content\/uploads\/2010\/09\/buehne_vorhang_500px-300x145.png 300w\" sizes=\"auto, (max-width: 500px) 100vw, 500px\" \/><\/p>\n","protected":false},"excerpt":{"rendered":"<p>Anstelle eines Schlusswortes zur vergangenen Karnevalssaison m\u00f6chte ich hier der Einfachheit halber gleich auf einen Artikel auf der Webseite der Gemeinde Mittelherwigsdorf verweisen: mittelherwigsdorf.de &#8211; Der Rathausschl\u00fcssel ist zur\u00fcck beim Ortschef Wir m\u00f6chten uns bei allen Vereinsmitgliedern, Helfern, G\u00e4sten und Sponsoren f\u00fcr die getane Arbeit bedanken. Ohne euch w\u00e4re es \u2026 <a class=\"continue-reading-link\" href=\"http:\/\/www.herschdurfer-karneval.de\/wpr\/2011\/03\/zu-guter-letzt\">Hier klicken f\u00fcr den vollst\u00e4ndigen Artikel. <span class=\"meta-nav\">&rarr; <\/span><\/a><\/p>\n","protected":false},"author":1,"featured_media":0,"comment_status":"open","ping_status":"closed","sticky":false,"template":"","format":"standard","meta":{"footnotes":""},"categories":[2],"tags":[17,37,71,102],"class_list":["post-517","post","type-post","status-publish","format-standard","hentry","category-aktuelles","tag-abschluss","tag-fasching","tag-karneval","tag-saisonende"],"yoast_head":"<!-- This site is optimized with the Yoast SEO plugin v28.3 - https:\/\/yoast.com\/product\/yoast-seo-wordpress\/ -->\n<title>Zu guter Letzt... - Herschdurfer Karneval<\/title>\n<meta name=\"robots\" content=\"index, follow, max-snippet:-1, max-image-preview:large, max-video-preview:-1\" \/>\n<link rel=\"canonical\" href=\"http:\/\/www.herschdurfer-karneval.de\/wpr\/2011\/03\/zu-guter-letzt\" \/>\n<meta property=\"og:locale\" content=\"de_DE\" \/>\n<meta property=\"og:type\" content=\"article\" \/>\n<meta property=\"og:title\" content=\"Zu guter Letzt... - Herschdurfer Karneval\" \/>\n<meta property=\"og:description\" content=\"Anstelle eines Schlusswortes zur vergangenen Karnevalssaison m\u00f6chte ich hier der Einfachheit halber gleich auf einen Artikel auf der Webseite der Gemeinde Mittelherwigsdorf verweisen: mittelherwigsdorf.de &#8211; Der Rathausschl\u00fcssel ist zur\u00fcck beim Ortschef Wir m\u00f6chten uns bei allen Vereinsmitgliedern, Helfern, G\u00e4sten und Sponsoren f\u00fcr die getane Arbeit bedanken. Ohne euch w\u00e4re es \u2026 Hier klicken f\u00fcr den vollst\u00e4ndigen Artikel. &rarr;\" \/>\n<meta property=\"og:url\" content=\"http:\/\/www.herschdurfer-karneval.de\/wpr\/2011\/03\/zu-guter-letzt\" \/>\n<meta property=\"og:site_name\" content=\"Herschdurfer Karneval\" \/>\n<meta property=\"article:publisher\" content=\"https:\/\/www.facebook.com\/HerschdurferKarneval\" \/>\n<meta property=\"article:published_time\" content=\"2011-03-22T11:01:11+00:00\" \/>\n<meta property=\"og:image\" content=\"http:\/\/www.herschdurfer-karneval.de\/wpr\/wp-content\/uploads\/2010\/09\/buehne_vorhang_500px.png\" \/>\n<meta name=\"author\" content=\"ccclaus\" \/>\n<meta name=\"twitter:card\" content=\"summary_large_image\" \/>\n<meta name=\"twitter:creator\" content=\"@MihedoKarneval\" \/>\n<meta name=\"twitter:site\" content=\"@MihedoKarneval\" \/>\n<meta name=\"twitter:label1\" content=\"Verfasst von\" \/>\n\t<meta name=\"twitter:data1\" content=\"ccclaus\" \/>\n<script type=\"application\/ld+json\" class=\"yoast-schema-graph\">{\"@context\":\"https:\\\/\\\/schema.org\",\"@graph\":[{\"@type\":\"Article\",\"@id\":\"http:\\\/\\\/www.herschdurfer-karneval.de\\\/wpr\\\/2011\\\/03\\\/zu-guter-letzt#article\",\"isPartOf\":{\"@id\":\"http:\\\/\\\/www.herschdurfer-karneval.de\\\/wpr\\\/2011\\\/03\\\/zu-guter-letzt\"},\"author\":{\"name\":\"ccclaus\",\"@id\":\"http:\\\/\\\/www.herschdurfer-karneval.de\\\/wpr\\\/#\\\/schema\\\/person\\\/348195a70aeab304b6d33cad8a97ae1e\"},\"headline\":\"Zu guter Letzt&#8230;\",\"datePublished\":\"2011-03-22T11:01:11+00:00\",\"mainEntityOfPage\":{\"@id\":\"http:\\\/\\\/www.herschdurfer-karneval.de\\\/wpr\\\/2011\\\/03\\\/zu-guter-letzt\"},\"wordCount\":78,\"commentCount\":0,\"publisher\":{\"@id\":\"http:\\\/\\\/www.herschdurfer-karneval.de\\\/wpr\\\/#organization\"},\"image\":{\"@id\":\"http:\\\/\\\/www.herschdurfer-karneval.de\\\/wpr\\\/2011\\\/03\\\/zu-guter-letzt#primaryimage\"},\"thumbnailUrl\":\"http:\\\/\\\/www.herschdurfer-karneval.de\\\/wpr\\\/wp-content\\\/uploads\\\/2010\\\/09\\\/buehne_vorhang_500px.png\",\"keywords\":[\"Abschluss\",\"Fasching\",\"Karneval\",\"Saisonende\"],\"articleSection\":[\"Aktuelles\"],\"inLanguage\":\"de\",\"potentialAction\":[{\"@type\":\"CommentAction\",\"name\":\"Comment\",\"target\":[\"http:\\\/\\\/www.herschdurfer-karneval.de\\\/wpr\\\/2011\\\/03\\\/zu-guter-letzt#respond\"]}]},{\"@type\":\"WebPage\",\"@id\":\"http:\\\/\\\/www.herschdurfer-karneval.de\\\/wpr\\\/2011\\\/03\\\/zu-guter-letzt\",\"url\":\"http:\\\/\\\/www.herschdurfer-karneval.de\\\/wpr\\\/2011\\\/03\\\/zu-guter-letzt\",\"name\":\"Zu guter Letzt... - Herschdurfer Karneval\",\"isPartOf\":{\"@id\":\"http:\\\/\\\/www.herschdurfer-karneval.de\\\/wpr\\\/#website\"},\"primaryImageOfPage\":{\"@id\":\"http:\\\/\\\/www.herschdurfer-karneval.de\\\/wpr\\\/2011\\\/03\\\/zu-guter-letzt#primaryimage\"},\"image\":{\"@id\":\"http:\\\/\\\/www.herschdurfer-karneval.de\\\/wpr\\\/2011\\\/03\\\/zu-guter-letzt#primaryimage\"},\"thumbnailUrl\":\"http:\\\/\\\/www.herschdurfer-karneval.de\\\/wpr\\\/wp-content\\\/uploads\\\/2010\\\/09\\\/buehne_vorhang_500px.png\",\"datePublished\":\"2011-03-22T11:01:11+00:00\",\"breadcrumb\":{\"@id\":\"http:\\\/\\\/www.herschdurfer-karneval.de\\\/wpr\\\/2011\\\/03\\\/zu-guter-letzt#breadcrumb\"},\"inLanguage\":\"de\",\"potentialAction\":[{\"@type\":\"ReadAction\",\"target\":[\"http:\\\/\\\/www.herschdurfer-karneval.de\\\/wpr\\\/2011\\\/03\\\/zu-guter-letzt\"]}]},{\"@type\":\"ImageObject\",\"inLanguage\":\"de\",\"@id\":\"http:\\\/\\\/www.herschdurfer-karneval.de\\\/wpr\\\/2011\\\/03\\\/zu-guter-letzt#primaryimage\",\"url\":\"http:\\\/\\\/www.herschdurfer-karneval.de\\\/wpr\\\/wp-content\\\/uploads\\\/2010\\\/09\\\/buehne_vorhang_500px.png\",\"contentUrl\":\"http:\\\/\\\/www.herschdurfer-karneval.de\\\/wpr\\\/wp-content\\\/uploads\\\/2010\\\/09\\\/buehne_vorhang_500px.png\",\"width\":500,\"height\":242},{\"@type\":\"BreadcrumbList\",\"@id\":\"http:\\\/\\\/www.herschdurfer-karneval.de\\\/wpr\\\/2011\\\/03\\\/zu-guter-letzt#breadcrumb\",\"itemListElement\":[{\"@type\":\"ListItem\",\"position\":1,\"name\":\"Startseite\",\"item\":\"http:\\\/\\\/www.herschdurfer-karneval.de\\\/wpr\"},{\"@type\":\"ListItem\",\"position\":2,\"name\":\"Zu guter Letzt&#8230;\"}]},{\"@type\":\"WebSite\",\"@id\":\"http:\\\/\\\/www.herschdurfer-karneval.de\\\/wpr\\\/#website\",\"url\":\"http:\\\/\\\/www.herschdurfer-karneval.de\\\/wpr\\\/\",\"name\":\"Herschdurfer Karneval\",\"description\":\"Die Webpr\u00e4senz des Mittelherwigsdorfer Karnevalsvereins.\",\"publisher\":{\"@id\":\"http:\\\/\\\/www.herschdurfer-karneval.de\\\/wpr\\\/#organization\"},\"potentialAction\":[{\"@type\":\"SearchAction\",\"target\":{\"@type\":\"EntryPoint\",\"urlTemplate\":\"http:\\\/\\\/www.herschdurfer-karneval.de\\\/wpr\\\/?s={search_term_string}\"},\"query-input\":{\"@type\":\"PropertyValueSpecification\",\"valueRequired\":true,\"valueName\":\"search_term_string\"}}],\"inLanguage\":\"de\"},{\"@type\":\"Organization\",\"@id\":\"http:\\\/\\\/www.herschdurfer-karneval.de\\\/wpr\\\/#organization\",\"name\":\"Herschdurfer Karnevalsverein e.V.\",\"alternateName\":\"HKV\",\"url\":\"http:\\\/\\\/www.herschdurfer-karneval.de\\\/wpr\\\/\",\"logo\":{\"@type\":\"ImageObject\",\"inLanguage\":\"de\",\"@id\":\"http:\\\/\\\/www.herschdurfer-karneval.de\\\/wpr\\\/#\\\/schema\\\/logo\\\/image\\\/\",\"url\":\"http:\\\/\\\/www.herschdurfer-karneval.de\\\/wpr\\\/wp-content\\\/uploads\\\/2020\\\/03\\\/hkv-logo_800x800_-BonW_noGrad.png\",\"contentUrl\":\"http:\\\/\\\/www.herschdurfer-karneval.de\\\/wpr\\\/wp-content\\\/uploads\\\/2020\\\/03\\\/hkv-logo_800x800_-BonW_noGrad.png\",\"width\":800,\"height\":800,\"caption\":\"Herschdurfer Karnevalsverein e.V.\"},\"image\":{\"@id\":\"http:\\\/\\\/www.herschdurfer-karneval.de\\\/wpr\\\/#\\\/schema\\\/logo\\\/image\\\/\"},\"sameAs\":[\"https:\\\/\\\/www.facebook.com\\\/HerschdurferKarneval\",\"https:\\\/\\\/x.com\\\/MihedoKarneval\"]},{\"@type\":\"Person\",\"@id\":\"http:\\\/\\\/www.herschdurfer-karneval.de\\\/wpr\\\/#\\\/schema\\\/person\\\/348195a70aeab304b6d33cad8a97ae1e\",\"name\":\"ccclaus\",\"image\":{\"@type\":\"ImageObject\",\"inLanguage\":\"de\",\"@id\":\"https:\\\/\\\/secure.gravatar.com\\\/avatar\\\/bfb0a99cf724a24e26256534f6be6749050c1d32a883222c283c46e52e6586ec?s=96&d=blank&r=g\",\"url\":\"https:\\\/\\\/secure.gravatar.com\\\/avatar\\\/bfb0a99cf724a24e26256534f6be6749050c1d32a883222c283c46e52e6586ec?s=96&d=blank&r=g\",\"contentUrl\":\"https:\\\/\\\/secure.gravatar.com\\\/avatar\\\/bfb0a99cf724a24e26256534f6be6749050c1d32a883222c283c46e52e6586ec?s=96&d=blank&r=g\",\"caption\":\"ccclaus\"}}]}<\/script>\n<!-- \/ Yoast SEO plugin. -->","yoast_head_json":{"title":"Zu guter Letzt... - Herschdurfer Karneval","robots":{"index":"index","follow":"follow","max-snippet":"max-snippet:-1","max-image-preview":"max-image-preview:large","max-video-preview":"max-video-preview:-1"},"canonical":"http:\/\/www.herschdurfer-karneval.de\/wpr\/2011\/03\/zu-guter-letzt","og_locale":"de_DE","og_type":"article","og_title":"Zu guter Letzt... - Herschdurfer Karneval","og_description":"Anstelle eines Schlusswortes zur vergangenen Karnevalssaison m\u00f6chte ich hier der Einfachheit halber gleich auf einen Artikel auf der Webseite der Gemeinde Mittelherwigsdorf verweisen: mittelherwigsdorf.de &#8211; Der Rathausschl\u00fcssel ist zur\u00fcck beim Ortschef Wir m\u00f6chten uns bei allen Vereinsmitgliedern, Helfern, G\u00e4sten und Sponsoren f\u00fcr die getane Arbeit bedanken. Ohne euch w\u00e4re es \u2026 Hier klicken f\u00fcr den vollst\u00e4ndigen Artikel. &rarr;","og_url":"http:\/\/www.herschdurfer-karneval.de\/wpr\/2011\/03\/zu-guter-letzt","og_site_name":"Herschdurfer Karneval","article_publisher":"https:\/\/www.facebook.com\/HerschdurferKarneval","article_published_time":"2011-03-22T11:01:11+00:00","og_image":[{"url":"http:\/\/www.herschdurfer-karneval.de\/wpr\/wp-content\/uploads\/2010\/09\/buehne_vorhang_500px.png","type":"","width":"","height":""}],"author":"ccclaus","twitter_card":"summary_large_image","twitter_creator":"@MihedoKarneval","twitter_site":"@MihedoKarneval","twitter_misc":{"Verfasst von":"ccclaus"},"schema":{"@context":"https:\/\/schema.org","@graph":[{"@type":"Article","@id":"http:\/\/www.herschdurfer-karneval.de\/wpr\/2011\/03\/zu-guter-letzt#article","isPartOf":{"@id":"http:\/\/www.herschdurfer-karneval.de\/wpr\/2011\/03\/zu-guter-letzt"},"author":{"name":"ccclaus","@id":"http:\/\/www.herschdurfer-karneval.de\/wpr\/#\/schema\/person\/348195a70aeab304b6d33cad8a97ae1e"},"headline":"Zu guter Letzt&#8230;","datePublished":"2011-03-22T11:01:11+00:00","mainEntityOfPage":{"@id":"http:\/\/www.herschdurfer-karneval.de\/wpr\/2011\/03\/zu-guter-letzt"},"wordCount":78,"commentCount":0,"publisher":{"@id":"http:\/\/www.herschdurfer-karneval.de\/wpr\/#organization"},"image":{"@id":"http:\/\/www.herschdurfer-karneval.de\/wpr\/2011\/03\/zu-guter-letzt#primaryimage"},"thumbnailUrl":"http:\/\/www.herschdurfer-karneval.de\/wpr\/wp-content\/uploads\/2010\/09\/buehne_vorhang_500px.png","keywords":["Abschluss","Fasching","Karneval","Saisonende"],"articleSection":["Aktuelles"],"inLanguage":"de","potentialAction":[{"@type":"CommentAction","name":"Comment","target":["http:\/\/www.herschdurfer-karneval.de\/wpr\/2011\/03\/zu-guter-letzt#respond"]}]},{"@type":"WebPage","@id":"http:\/\/www.herschdurfer-karneval.de\/wpr\/2011\/03\/zu-guter-letzt","url":"http:\/\/www.herschdurfer-karneval.de\/wpr\/2011\/03\/zu-guter-letzt","name":"Zu guter Letzt... - Herschdurfer Karneval","isPartOf":{"@id":"http:\/\/www.herschdurfer-karneval.de\/wpr\/#website"},"primaryImageOfPage":{"@id":"http:\/\/www.herschdurfer-karneval.de\/wpr\/2011\/03\/zu-guter-letzt#primaryimage"},"image":{"@id":"http:\/\/www.herschdurfer-karneval.de\/wpr\/2011\/03\/zu-guter-letzt#primaryimage"},"thumbnailUrl":"http:\/\/www.herschdurfer-karneval.de\/wpr\/wp-content\/uploads\/2010\/09\/buehne_vorhang_500px.png","datePublished":"2011-03-22T11:01:11+00:00","breadcrumb":{"@id":"http:\/\/www.herschdurfer-karneval.de\/wpr\/2011\/03\/zu-guter-letzt#breadcrumb"},"inLanguage":"de","potentialAction":[{"@type":"ReadAction","target":["http:\/\/www.herschdurfer-karneval.de\/wpr\/2011\/03\/zu-guter-letzt"]}]},{"@type":"ImageObject","inLanguage":"de","@id":"http:\/\/www.herschdurfer-karneval.de\/wpr\/2011\/03\/zu-guter-letzt#primaryimage","url":"http:\/\/www.herschdurfer-karneval.de\/wpr\/wp-content\/uploads\/2010\/09\/buehne_vorhang_500px.png","contentUrl":"http:\/\/www.herschdurfer-karneval.de\/wpr\/wp-content\/uploads\/2010\/09\/buehne_vorhang_500px.png","width":500,"height":242},{"@type":"BreadcrumbList","@id":"http:\/\/www.herschdurfer-karneval.de\/wpr\/2011\/03\/zu-guter-letzt#breadcrumb","itemListElement":[{"@type":"ListItem","position":1,"name":"Startseite","item":"http:\/\/www.herschdurfer-karneval.de\/wpr"},{"@type":"ListItem","position":2,"name":"Zu guter Letzt&#8230;"}]},{"@type":"WebSite","@id":"http:\/\/www.herschdurfer-karneval.de\/wpr\/#website","url":"http:\/\/www.herschdurfer-karneval.de\/wpr\/","name":"Herschdurfer Karneval","description":"Die Webpr\u00e4senz des Mittelherwigsdorfer Karnevalsvereins.","publisher":{"@id":"http:\/\/www.herschdurfer-karneval.de\/wpr\/#organization"},"potentialAction":[{"@type":"SearchAction","target":{"@type":"EntryPoint","urlTemplate":"http:\/\/www.herschdurfer-karneval.de\/wpr\/?s={search_term_string}"},"query-input":{"@type":"PropertyValueSpecification","valueRequired":true,"valueName":"search_term_string"}}],"inLanguage":"de"},{"@type":"Organization","@id":"http:\/\/www.herschdurfer-karneval.de\/wpr\/#organization","name":"Herschdurfer Karnevalsverein e.V.","alternateName":"HKV","url":"http:\/\/www.herschdurfer-karneval.de\/wpr\/","logo":{"@type":"ImageObject","inLanguage":"de","@id":"http:\/\/www.herschdurfer-karneval.de\/wpr\/#\/schema\/logo\/image\/","url":"http:\/\/www.herschdurfer-karneval.de\/wpr\/wp-content\/uploads\/2020\/03\/hkv-logo_800x800_-BonW_noGrad.png","contentUrl":"http:\/\/www.herschdurfer-karneval.de\/wpr\/wp-content\/uploads\/2020\/03\/hkv-logo_800x800_-BonW_noGrad.png","width":800,"height":800,"caption":"Herschdurfer Karnevalsverein e.V."},"image":{"@id":"http:\/\/www.herschdurfer-karneval.de\/wpr\/#\/schema\/logo\/image\/"},"sameAs":["https:\/\/www.facebook.com\/HerschdurferKarneval","https:\/\/x.com\/MihedoKarneval"]},{"@type":"Person","@id":"http:\/\/www.herschdurfer-karneval.de\/wpr\/#\/schema\/person\/348195a70aeab304b6d33cad8a97ae1e","name":"ccclaus","image":{"@type":"ImageObject","inLanguage":"de","@id":"https:\/\/secure.gravatar.com\/avatar\/bfb0a99cf724a24e26256534f6be6749050c1d32a883222c283c46e52e6586ec?s=96&d=blank&r=g","url":"https:\/\/secure.gravatar.com\/avatar\/bfb0a99cf724a24e26256534f6be6749050c1d32a883222c283c46e52e6586ec?s=96&d=blank&r=g","contentUrl":"https:\/\/secure.gravatar.com\/avatar\/bfb0a99cf724a24e26256534f6be6749050c1d32a883222c283c46e52e6586ec?s=96&d=blank&r=g","caption":"ccclaus"}}]}},"_links":{"self":[{"href":"http:\/\/www.herschdurfer-karneval.de\/wpr\/wp-json\/wp\/v2\/posts\/517","targetHints":{"allow":["GET"]}}],"collection":[{"href":"http:\/\/www.herschdurfer-karneval.de\/wpr\/wp-json\/wp\/v2\/posts"}],"about":[{"href":"http:\/\/www.herschdurfer-karneval.de\/wpr\/wp-json\/wp\/v2\/types\/post"}],"author":[{"embeddable":true,"href":"http:\/\/www.herschdurfer-karneval.de\/wpr\/wp-json\/wp\/v2\/users\/1"}],"replies":[{"embeddable":true,"href":"http:\/\/www.herschdurfer-karneval.de\/wpr\/wp-json\/wp\/v2\/comments?post=517"}],"version-history":[{"count":0,"href":"http:\/\/www.herschdurfer-karneval.de\/wpr\/wp-json\/wp\/v2\/posts\/517\/revisions"}],"wp:attachment":[{"href":"http:\/\/www.herschdurfer-karneval.de\/wpr\/wp-json\/wp\/v2\/media?parent=517"}],"wp:term":[{"taxonomy":"category","embeddable":true,"href":"http:\/\/www.herschdurfer-karneval.de\/wpr\/wp-json\/wp\/v2\/categories?post=517"},{"taxonomy":"post_tag","embeddable":true,"href":"http:\/\/www.herschdurfer-karneval.de\/wpr\/wp-json\/wp\/v2\/tags?post=517"}],"curies":[{"name":"wp","href":"https:\/\/api.w.org\/{rel}","templated":true}]}}