{"id":822,"date":"2012-06-20T17:18:07","date_gmt":"2012-06-20T15:18:07","guid":{"rendered":"http:\/\/www.herschdurfer-karneval.de\/?p=822"},"modified":"2012-06-20T17:18:07","modified_gmt":"2012-06-20T15:18:07","slug":"ruckblick-gemeindefest-mittelherwigsdorf","status":"publish","type":"post","link":"http:\/\/www.herschdurfer-karneval.de\/wpr\/2012\/06\/ruckblick-gemeindefest-mittelherwigsdorf","title":{"rendered":"R\u00fcckblick &#8211; Gemeindefest Mittelherwigsdorf"},"content":{"rendered":"<p>Das Festwochenende anl\u00e4sslich des 700-j\u00e4hrigen Bestehens der Gemeinde Mittelherwigsdorf liegt mittlerweile schon ein paar Tage zur\u00fcck. Es besteht nicht im mindesten Zweifel daran, dass diese Veranstaltung ein voller Erfolg war und allen Besuchern (und nat\u00fcrlich auch den Organisatoren) lange im Ged\u00e4chtnis bleiben wird.<br \/>\nHier w\u00e4ren mal ein paar Seiten aus dem weltweiten Netz, die daf\u00fcr sprechen, welchen positiven Anklang das Gemeindefest gefunden hat&#8230;<\/p>\n<ul>\n<li>Mittelherwigsdorf.de:\u00a0<a href=\"http:\/\/www.mittelherwigsdorf.de\/aktuell-neu\/aktuell-einzelansicht\/article\/mittelherwigsdorf-hat-sich-gefeiert-und-wie.html?cHash=a0b769041464006851680ca18fe9e360\" target=\"_blank\">Mittelherwigsdorf hat (sich) gefeiert \u2013 und wie!<\/a><\/li>\n<li>faktuell.de: <a href=\"http:\/\/www.faktuell.de\/lokalnachrichten\/1530-mittelherwigsdorf--700-jaehriges-ortsjubilaeums.html \" target=\"_blank\">Mittelherwigsdorf &#8211; 700j\u00e4hriges Ortsjubil\u00e4um<\/a><\/li>\n<li>S\u00e4chsische Zeitung: <a href=\"http:\/\/www.sz-online.de\/Nachrichten\/Zittau\/?etag=29.05.2012\" target=\"_blank\">Sonnenblumen zum Geburtstag<\/a> (wie \u00fcblich ist der Artikel nur gegen Bares einzusehen)<\/li>\n<\/ul>\n<p>Mario Hoffmann hat keine M\u00fche gescheut und <a href=\"http:\/\/www.youtube.com\/watch?v=tYoyMeWqtB4\" target=\"_blank\">ein Video vom Festumzug<\/a> gedreht.<\/p>\n<p><iframe loading=\"lazy\" width=\"520\" height=\"293\" src=\"http:\/\/www.youtube.com\/embed\/tYoyMeWqtB4\" frameborder=\"0\" allowfullscreen><\/iframe><\/p>\n<p>Bilder von der Veranstaltung sind ebenso im Netz zu finden:<\/p>\n<ul>\n<li><a href=\"http:\/\/www.ffeckartsberg.de\/cms\/galerie\/gal-ansicht\/albumansicht.html?no_cache=1&amp;tx_jmgallery_pi1[albumUid]=82\" target=\"_blank\">Fotogalerie der Freiwilligen Feuerwehr Eckartsberg<\/a><\/li>\n<li><a href=\"https:\/\/www.facebook.com\/media\/set\/?set=a.373392066051796.87412.100001430187186&amp;type=3&amp;l=85cdc34705\" target=\"_blank\">700 Jahre Mittelherwigsdorf &#8211; Der Festumzug<\/a> (Fotoalbum bei facebook)<\/li>\n<li><a href=\"https:\/\/www.facebook.com\/media\/set\/?set=a.373608046030198.87495.100001430187186&amp;type=3&amp;l=e012ed987a \" target=\"_blank\">700 Jahre Mittelherwigsdorf &#8211; Die Landtechnikausstellung<\/a> (Fotoalbum bei facebook)<\/li>\n<li><a href=\"https:\/\/www.facebook.com\/media\/set\/?set=a.378162578908078.87708.100001430187186&amp;type=3&amp;l=29eec766ab\" target=\"_blank\">700 Jahre Mittelherwigsdorf &#8211; Auf der Festwiese<\/a> (Fotoalbum bei facebook)<\/li>\n<li><a href=\"https:\/\/www.facebook.com\/media\/set\/?set=a.404537759603893.93484.100001430187186&#038;type=1&#038;l=e04d3939fc\" target=\"_blank\">700 Jahre Mittelherwigsdorf &#8211; Die Kunstausstellung<\/a> (Fotoalbum bei facebook)<\/li>\n<\/ul>\n<p>Um die bei facebook hinterlegten Fotoalben ansehen zu k\u00f6nnen, muss man \u00fcbrigens NICHT bei diesem Netzwerk angemeldet sein.<br \/>\n<img loading=\"lazy\" decoding=\"async\" class=\"aligncenter size-full wp-image-823\" title=\"Der Herschdurfer Karnevalsverein e.V. beim gro\u00dfen Festumzug\" src=\"http:\/\/www.herschdurfer-karneval.de\/wpr\/wp-content\/uploads\/2012\/06\/festumzug_mhdf_hkvmotiv_520px.jpg\" alt=\"Der Herschdurfer Karnevalsverein e.V. beim gro\u00dfen Festumzug\" width=\"520\" height=\"293\" srcset=\"http:\/\/www.herschdurfer-karneval.de\/wpr\/wp-content\/uploads\/2012\/06\/festumzug_mhdf_hkvmotiv_520px.jpg 520w, http:\/\/www.herschdurfer-karneval.de\/wpr\/wp-content\/uploads\/2012\/06\/festumzug_mhdf_hkvmotiv_520px-300x169.jpg 300w\" sizes=\"auto, (max-width: 520px) 100vw, 520px\" \/><br \/>\nWir danken allen Beteiligten, Besuchern, Organisatoren, Musikern, Helfern, Helfershelfern usw. f\u00fcr diese tollen Tage!<\/p>\n","protected":false},"excerpt":{"rendered":"<p>Das Festwochenende anl\u00e4sslich des 700-j\u00e4hrigen Bestehens der Gemeinde Mittelherwigsdorf liegt mittlerweile schon ein paar Tage zur\u00fcck. Es besteht nicht im mindesten Zweifel daran, dass diese Veranstaltung ein voller Erfolg war und allen Besuchern (und nat\u00fcrlich auch den Organisatoren) lange im Ged\u00e4chtnis bleiben wird. Hier w\u00e4ren mal ein paar Seiten aus \u2026 <a class=\"continue-reading-link\" href=\"http:\/\/www.herschdurfer-karneval.de\/wpr\/2012\/06\/ruckblick-gemeindefest-mittelherwigsdorf\">Hier klicken f\u00fcr den vollst\u00e4ndigen Artikel. <span class=\"meta-nav\">&rarr; <\/span><\/a><\/p>\n","protected":false},"author":1,"featured_media":0,"comment_status":"open","ping_status":"closed","sticky":false,"template":"","format":"standard","meta":{"footnotes":""},"categories":[5],"tags":[42,44,48,51,53,69,86,95,97,100,139],"class_list":["post-822","post","type-post","status-publish","format-standard","hentry","category-ruckblick","tag-festumzug","tag-festwochenende","tag-foto","tag-galerie","tag-gemeindefest","tag-jubilaum","tag-mittelherwigsdorf","tag-pfingsten","tag-programm","tag-ruckblick","tag-video"],"yoast_head":"<!-- This site is optimized with the Yoast SEO plugin v28.3 - https:\/\/yoast.com\/product\/yoast-seo-wordpress\/ -->\n<title>R\u00fcckblick - Gemeindefest Mittelherwigsdorf - Herschdurfer Karneval<\/title>\n<meta name=\"robots\" content=\"index, follow, max-snippet:-1, max-image-preview:large, max-video-preview:-1\" \/>\n<link rel=\"canonical\" href=\"http:\/\/www.herschdurfer-karneval.de\/wpr\/2012\/06\/ruckblick-gemeindefest-mittelherwigsdorf\" \/>\n<meta property=\"og:locale\" content=\"de_DE\" \/>\n<meta property=\"og:type\" content=\"article\" \/>\n<meta property=\"og:title\" content=\"R\u00fcckblick - Gemeindefest Mittelherwigsdorf - Herschdurfer Karneval\" \/>\n<meta property=\"og:description\" content=\"Das Festwochenende anl\u00e4sslich des 700-j\u00e4hrigen Bestehens der Gemeinde Mittelherwigsdorf liegt mittlerweile schon ein paar Tage zur\u00fcck. Es besteht nicht im mindesten Zweifel daran, dass diese Veranstaltung ein voller Erfolg war und allen Besuchern (und nat\u00fcrlich auch den Organisatoren) lange im Ged\u00e4chtnis bleiben wird. Hier w\u00e4ren mal ein paar Seiten aus \u2026 Hier klicken f\u00fcr den vollst\u00e4ndigen Artikel. &rarr;\" \/>\n<meta property=\"og:url\" content=\"http:\/\/www.herschdurfer-karneval.de\/wpr\/2012\/06\/ruckblick-gemeindefest-mittelherwigsdorf\" \/>\n<meta property=\"og:site_name\" content=\"Herschdurfer Karneval\" \/>\n<meta property=\"article:publisher\" content=\"https:\/\/www.facebook.com\/HerschdurferKarneval\" \/>\n<meta property=\"article:published_time\" content=\"2012-06-20T15:18:07+00:00\" \/>\n<meta property=\"og:image\" content=\"http:\/\/www.herschdurfer-karneval.de\/wpr\/wp-content\/uploads\/2012\/06\/festumzug_mhdf_hkvmotiv_520px.jpg\" \/>\n<meta name=\"author\" content=\"ccclaus\" \/>\n<meta name=\"twitter:card\" content=\"summary_large_image\" \/>\n<meta name=\"twitter:creator\" content=\"@MihedoKarneval\" \/>\n<meta name=\"twitter:site\" content=\"@MihedoKarneval\" \/>\n<meta name=\"twitter:label1\" content=\"Verfasst von\" \/>\n\t<meta name=\"twitter:data1\" content=\"ccclaus\" \/>\n\t<meta name=\"twitter:label2\" content=\"Gesch\u00e4tzte Lesezeit\" \/>\n\t<meta name=\"twitter:data2\" content=\"1\u00a0Minute\" \/>\n<script type=\"application\/ld+json\" class=\"yoast-schema-graph\">{\"@context\":\"https:\\\/\\\/schema.org\",\"@graph\":[{\"@type\":\"Article\",\"@id\":\"http:\\\/\\\/www.herschdurfer-karneval.de\\\/wpr\\\/2012\\\/06\\\/ruckblick-gemeindefest-mittelherwigsdorf#article\",\"isPartOf\":{\"@id\":\"http:\\\/\\\/www.herschdurfer-karneval.de\\\/wpr\\\/2012\\\/06\\\/ruckblick-gemeindefest-mittelherwigsdorf\"},\"author\":{\"name\":\"ccclaus\",\"@id\":\"http:\\\/\\\/www.herschdurfer-karneval.de\\\/wpr\\\/#\\\/schema\\\/person\\\/348195a70aeab304b6d33cad8a97ae1e\"},\"headline\":\"R\u00fcckblick &#8211; Gemeindefest Mittelherwigsdorf\",\"datePublished\":\"2012-06-20T15:18:07+00:00\",\"mainEntityOfPage\":{\"@id\":\"http:\\\/\\\/www.herschdurfer-karneval.de\\\/wpr\\\/2012\\\/06\\\/ruckblick-gemeindefest-mittelherwigsdorf\"},\"wordCount\":201,\"commentCount\":0,\"publisher\":{\"@id\":\"http:\\\/\\\/www.herschdurfer-karneval.de\\\/wpr\\\/#organization\"},\"image\":{\"@id\":\"http:\\\/\\\/www.herschdurfer-karneval.de\\\/wpr\\\/2012\\\/06\\\/ruckblick-gemeindefest-mittelherwigsdorf#primaryimage\"},\"thumbnailUrl\":\"http:\\\/\\\/www.herschdurfer-karneval.de\\\/wpr\\\/wp-content\\\/uploads\\\/2012\\\/06\\\/festumzug_mhdf_hkvmotiv_520px.jpg\",\"keywords\":[\"Festumzug\",\"Festwochenende\",\"Foto\",\"Galerie\",\"Gemeindefest\",\"Jubil\u00e4um\",\"Mittelherwigsdorf\",\"Pfingsten\",\"Programm\",\"R\u00fcckblick\",\"Video\"],\"articleSection\":[\"R\u00fcckblick\"],\"inLanguage\":\"de\",\"potentialAction\":[{\"@type\":\"CommentAction\",\"name\":\"Comment\",\"target\":[\"http:\\\/\\\/www.herschdurfer-karneval.de\\\/wpr\\\/2012\\\/06\\\/ruckblick-gemeindefest-mittelherwigsdorf#respond\"]}]},{\"@type\":\"WebPage\",\"@id\":\"http:\\\/\\\/www.herschdurfer-karneval.de\\\/wpr\\\/2012\\\/06\\\/ruckblick-gemeindefest-mittelherwigsdorf\",\"url\":\"http:\\\/\\\/www.herschdurfer-karneval.de\\\/wpr\\\/2012\\\/06\\\/ruckblick-gemeindefest-mittelherwigsdorf\",\"name\":\"R\u00fcckblick - Gemeindefest Mittelherwigsdorf - Herschdurfer Karneval\",\"isPartOf\":{\"@id\":\"http:\\\/\\\/www.herschdurfer-karneval.de\\\/wpr\\\/#website\"},\"primaryImageOfPage\":{\"@id\":\"http:\\\/\\\/www.herschdurfer-karneval.de\\\/wpr\\\/2012\\\/06\\\/ruckblick-gemeindefest-mittelherwigsdorf#primaryimage\"},\"image\":{\"@id\":\"http:\\\/\\\/www.herschdurfer-karneval.de\\\/wpr\\\/2012\\\/06\\\/ruckblick-gemeindefest-mittelherwigsdorf#primaryimage\"},\"thumbnailUrl\":\"http:\\\/\\\/www.herschdurfer-karneval.de\\\/wpr\\\/wp-content\\\/uploads\\\/2012\\\/06\\\/festumzug_mhdf_hkvmotiv_520px.jpg\",\"datePublished\":\"2012-06-20T15:18:07+00:00\",\"breadcrumb\":{\"@id\":\"http:\\\/\\\/www.herschdurfer-karneval.de\\\/wpr\\\/2012\\\/06\\\/ruckblick-gemeindefest-mittelherwigsdorf#breadcrumb\"},\"inLanguage\":\"de\",\"potentialAction\":[{\"@type\":\"ReadAction\",\"target\":[\"http:\\\/\\\/www.herschdurfer-karneval.de\\\/wpr\\\/2012\\\/06\\\/ruckblick-gemeindefest-mittelherwigsdorf\"]}]},{\"@type\":\"ImageObject\",\"inLanguage\":\"de\",\"@id\":\"http:\\\/\\\/www.herschdurfer-karneval.de\\\/wpr\\\/2012\\\/06\\\/ruckblick-gemeindefest-mittelherwigsdorf#primaryimage\",\"url\":\"http:\\\/\\\/www.herschdurfer-karneval.de\\\/wpr\\\/wp-content\\\/uploads\\\/2012\\\/06\\\/festumzug_mhdf_hkvmotiv_520px.jpg\",\"contentUrl\":\"http:\\\/\\\/www.herschdurfer-karneval.de\\\/wpr\\\/wp-content\\\/uploads\\\/2012\\\/06\\\/festumzug_mhdf_hkvmotiv_520px.jpg\",\"width\":520,\"height\":293},{\"@type\":\"BreadcrumbList\",\"@id\":\"http:\\\/\\\/www.herschdurfer-karneval.de\\\/wpr\\\/2012\\\/06\\\/ruckblick-gemeindefest-mittelherwigsdorf#breadcrumb\",\"itemListElement\":[{\"@type\":\"ListItem\",\"position\":1,\"name\":\"Startseite\",\"item\":\"http:\\\/\\\/www.herschdurfer-karneval.de\\\/wpr\"},{\"@type\":\"ListItem\",\"position\":2,\"name\":\"R\u00fcckblick &#8211; Gemeindefest Mittelherwigsdorf\"}]},{\"@type\":\"WebSite\",\"@id\":\"http:\\\/\\\/www.herschdurfer-karneval.de\\\/wpr\\\/#website\",\"url\":\"http:\\\/\\\/www.herschdurfer-karneval.de\\\/wpr\\\/\",\"name\":\"Herschdurfer Karneval\",\"description\":\"Die Webpr\u00e4senz des Mittelherwigsdorfer Karnevalsvereins.\",\"publisher\":{\"@id\":\"http:\\\/\\\/www.herschdurfer-karneval.de\\\/wpr\\\/#organization\"},\"potentialAction\":[{\"@type\":\"SearchAction\",\"target\":{\"@type\":\"EntryPoint\",\"urlTemplate\":\"http:\\\/\\\/www.herschdurfer-karneval.de\\\/wpr\\\/?s={search_term_string}\"},\"query-input\":{\"@type\":\"PropertyValueSpecification\",\"valueRequired\":true,\"valueName\":\"search_term_string\"}}],\"inLanguage\":\"de\"},{\"@type\":\"Organization\",\"@id\":\"http:\\\/\\\/www.herschdurfer-karneval.de\\\/wpr\\\/#organization\",\"name\":\"Herschdurfer Karnevalsverein e.V.\",\"alternateName\":\"HKV\",\"url\":\"http:\\\/\\\/www.herschdurfer-karneval.de\\\/wpr\\\/\",\"logo\":{\"@type\":\"ImageObject\",\"inLanguage\":\"de\",\"@id\":\"http:\\\/\\\/www.herschdurfer-karneval.de\\\/wpr\\\/#\\\/schema\\\/logo\\\/image\\\/\",\"url\":\"http:\\\/\\\/www.herschdurfer-karneval.de\\\/wpr\\\/wp-content\\\/uploads\\\/2020\\\/03\\\/hkv-logo_800x800_-BonW_noGrad.png\",\"contentUrl\":\"http:\\\/\\\/www.herschdurfer-karneval.de\\\/wpr\\\/wp-content\\\/uploads\\\/2020\\\/03\\\/hkv-logo_800x800_-BonW_noGrad.png\",\"width\":800,\"height\":800,\"caption\":\"Herschdurfer Karnevalsverein e.V.\"},\"image\":{\"@id\":\"http:\\\/\\\/www.herschdurfer-karneval.de\\\/wpr\\\/#\\\/schema\\\/logo\\\/image\\\/\"},\"sameAs\":[\"https:\\\/\\\/www.facebook.com\\\/HerschdurferKarneval\",\"https:\\\/\\\/x.com\\\/MihedoKarneval\"]},{\"@type\":\"Person\",\"@id\":\"http:\\\/\\\/www.herschdurfer-karneval.de\\\/wpr\\\/#\\\/schema\\\/person\\\/348195a70aeab304b6d33cad8a97ae1e\",\"name\":\"ccclaus\",\"image\":{\"@type\":\"ImageObject\",\"inLanguage\":\"de\",\"@id\":\"https:\\\/\\\/secure.gravatar.com\\\/avatar\\\/bfb0a99cf724a24e26256534f6be6749050c1d32a883222c283c46e52e6586ec?s=96&d=blank&r=g\",\"url\":\"https:\\\/\\\/secure.gravatar.com\\\/avatar\\\/bfb0a99cf724a24e26256534f6be6749050c1d32a883222c283c46e52e6586ec?s=96&d=blank&r=g\",\"contentUrl\":\"https:\\\/\\\/secure.gravatar.com\\\/avatar\\\/bfb0a99cf724a24e26256534f6be6749050c1d32a883222c283c46e52e6586ec?s=96&d=blank&r=g\",\"caption\":\"ccclaus\"}}]}<\/script>\n<!-- \/ Yoast SEO plugin. -->","yoast_head_json":{"title":"R\u00fcckblick - Gemeindefest Mittelherwigsdorf - Herschdurfer Karneval","robots":{"index":"index","follow":"follow","max-snippet":"max-snippet:-1","max-image-preview":"max-image-preview:large","max-video-preview":"max-video-preview:-1"},"canonical":"http:\/\/www.herschdurfer-karneval.de\/wpr\/2012\/06\/ruckblick-gemeindefest-mittelherwigsdorf","og_locale":"de_DE","og_type":"article","og_title":"R\u00fcckblick - Gemeindefest Mittelherwigsdorf - Herschdurfer Karneval","og_description":"Das Festwochenende anl\u00e4sslich des 700-j\u00e4hrigen Bestehens der Gemeinde Mittelherwigsdorf liegt mittlerweile schon ein paar Tage zur\u00fcck. Es besteht nicht im mindesten Zweifel daran, dass diese Veranstaltung ein voller Erfolg war und allen Besuchern (und nat\u00fcrlich auch den Organisatoren) lange im Ged\u00e4chtnis bleiben wird. Hier w\u00e4ren mal ein paar Seiten aus \u2026 Hier klicken f\u00fcr den vollst\u00e4ndigen Artikel. &rarr;","og_url":"http:\/\/www.herschdurfer-karneval.de\/wpr\/2012\/06\/ruckblick-gemeindefest-mittelherwigsdorf","og_site_name":"Herschdurfer Karneval","article_publisher":"https:\/\/www.facebook.com\/HerschdurferKarneval","article_published_time":"2012-06-20T15:18:07+00:00","og_image":[{"url":"http:\/\/www.herschdurfer-karneval.de\/wpr\/wp-content\/uploads\/2012\/06\/festumzug_mhdf_hkvmotiv_520px.jpg","type":"","width":"","height":""}],"author":"ccclaus","twitter_card":"summary_large_image","twitter_creator":"@MihedoKarneval","twitter_site":"@MihedoKarneval","twitter_misc":{"Verfasst von":"ccclaus","Gesch\u00e4tzte Lesezeit":"1\u00a0Minute"},"schema":{"@context":"https:\/\/schema.org","@graph":[{"@type":"Article","@id":"http:\/\/www.herschdurfer-karneval.de\/wpr\/2012\/06\/ruckblick-gemeindefest-mittelherwigsdorf#article","isPartOf":{"@id":"http:\/\/www.herschdurfer-karneval.de\/wpr\/2012\/06\/ruckblick-gemeindefest-mittelherwigsdorf"},"author":{"name":"ccclaus","@id":"http:\/\/www.herschdurfer-karneval.de\/wpr\/#\/schema\/person\/348195a70aeab304b6d33cad8a97ae1e"},"headline":"R\u00fcckblick &#8211; Gemeindefest Mittelherwigsdorf","datePublished":"2012-06-20T15:18:07+00:00","mainEntityOfPage":{"@id":"http:\/\/www.herschdurfer-karneval.de\/wpr\/2012\/06\/ruckblick-gemeindefest-mittelherwigsdorf"},"wordCount":201,"commentCount":0,"publisher":{"@id":"http:\/\/www.herschdurfer-karneval.de\/wpr\/#organization"},"image":{"@id":"http:\/\/www.herschdurfer-karneval.de\/wpr\/2012\/06\/ruckblick-gemeindefest-mittelherwigsdorf#primaryimage"},"thumbnailUrl":"http:\/\/www.herschdurfer-karneval.de\/wpr\/wp-content\/uploads\/2012\/06\/festumzug_mhdf_hkvmotiv_520px.jpg","keywords":["Festumzug","Festwochenende","Foto","Galerie","Gemeindefest","Jubil\u00e4um","Mittelherwigsdorf","Pfingsten","Programm","R\u00fcckblick","Video"],"articleSection":["R\u00fcckblick"],"inLanguage":"de","potentialAction":[{"@type":"CommentAction","name":"Comment","target":["http:\/\/www.herschdurfer-karneval.de\/wpr\/2012\/06\/ruckblick-gemeindefest-mittelherwigsdorf#respond"]}]},{"@type":"WebPage","@id":"http:\/\/www.herschdurfer-karneval.de\/wpr\/2012\/06\/ruckblick-gemeindefest-mittelherwigsdorf","url":"http:\/\/www.herschdurfer-karneval.de\/wpr\/2012\/06\/ruckblick-gemeindefest-mittelherwigsdorf","name":"R\u00fcckblick - Gemeindefest Mittelherwigsdorf - Herschdurfer Karneval","isPartOf":{"@id":"http:\/\/www.herschdurfer-karneval.de\/wpr\/#website"},"primaryImageOfPage":{"@id":"http:\/\/www.herschdurfer-karneval.de\/wpr\/2012\/06\/ruckblick-gemeindefest-mittelherwigsdorf#primaryimage"},"image":{"@id":"http:\/\/www.herschdurfer-karneval.de\/wpr\/2012\/06\/ruckblick-gemeindefest-mittelherwigsdorf#primaryimage"},"thumbnailUrl":"http:\/\/www.herschdurfer-karneval.de\/wpr\/wp-content\/uploads\/2012\/06\/festumzug_mhdf_hkvmotiv_520px.jpg","datePublished":"2012-06-20T15:18:07+00:00","breadcrumb":{"@id":"http:\/\/www.herschdurfer-karneval.de\/wpr\/2012\/06\/ruckblick-gemeindefest-mittelherwigsdorf#breadcrumb"},"inLanguage":"de","potentialAction":[{"@type":"ReadAction","target":["http:\/\/www.herschdurfer-karneval.de\/wpr\/2012\/06\/ruckblick-gemeindefest-mittelherwigsdorf"]}]},{"@type":"ImageObject","inLanguage":"de","@id":"http:\/\/www.herschdurfer-karneval.de\/wpr\/2012\/06\/ruckblick-gemeindefest-mittelherwigsdorf#primaryimage","url":"http:\/\/www.herschdurfer-karneval.de\/wpr\/wp-content\/uploads\/2012\/06\/festumzug_mhdf_hkvmotiv_520px.jpg","contentUrl":"http:\/\/www.herschdurfer-karneval.de\/wpr\/wp-content\/uploads\/2012\/06\/festumzug_mhdf_hkvmotiv_520px.jpg","width":520,"height":293},{"@type":"BreadcrumbList","@id":"http:\/\/www.herschdurfer-karneval.de\/wpr\/2012\/06\/ruckblick-gemeindefest-mittelherwigsdorf#breadcrumb","itemListElement":[{"@type":"ListItem","position":1,"name":"Startseite","item":"http:\/\/www.herschdurfer-karneval.de\/wpr"},{"@type":"ListItem","position":2,"name":"R\u00fcckblick &#8211; Gemeindefest Mittelherwigsdorf"}]},{"@type":"WebSite","@id":"http:\/\/www.herschdurfer-karneval.de\/wpr\/#website","url":"http:\/\/www.herschdurfer-karneval.de\/wpr\/","name":"Herschdurfer Karneval","description":"Die Webpr\u00e4senz des Mittelherwigsdorfer Karnevalsvereins.","publisher":{"@id":"http:\/\/www.herschdurfer-karneval.de\/wpr\/#organization"},"potentialAction":[{"@type":"SearchAction","target":{"@type":"EntryPoint","urlTemplate":"http:\/\/www.herschdurfer-karneval.de\/wpr\/?s={search_term_string}"},"query-input":{"@type":"PropertyValueSpecification","valueRequired":true,"valueName":"search_term_string"}}],"inLanguage":"de"},{"@type":"Organization","@id":"http:\/\/www.herschdurfer-karneval.de\/wpr\/#organization","name":"Herschdurfer Karnevalsverein e.V.","alternateName":"HKV","url":"http:\/\/www.herschdurfer-karneval.de\/wpr\/","logo":{"@type":"ImageObject","inLanguage":"de","@id":"http:\/\/www.herschdurfer-karneval.de\/wpr\/#\/schema\/logo\/image\/","url":"http:\/\/www.herschdurfer-karneval.de\/wpr\/wp-content\/uploads\/2020\/03\/hkv-logo_800x800_-BonW_noGrad.png","contentUrl":"http:\/\/www.herschdurfer-karneval.de\/wpr\/wp-content\/uploads\/2020\/03\/hkv-logo_800x800_-BonW_noGrad.png","width":800,"height":800,"caption":"Herschdurfer Karnevalsverein e.V."},"image":{"@id":"http:\/\/www.herschdurfer-karneval.de\/wpr\/#\/schema\/logo\/image\/"},"sameAs":["https:\/\/www.facebook.com\/HerschdurferKarneval","https:\/\/x.com\/MihedoKarneval"]},{"@type":"Person","@id":"http:\/\/www.herschdurfer-karneval.de\/wpr\/#\/schema\/person\/348195a70aeab304b6d33cad8a97ae1e","name":"ccclaus","image":{"@type":"ImageObject","inLanguage":"de","@id":"https:\/\/secure.gravatar.com\/avatar\/bfb0a99cf724a24e26256534f6be6749050c1d32a883222c283c46e52e6586ec?s=96&d=blank&r=g","url":"https:\/\/secure.gravatar.com\/avatar\/bfb0a99cf724a24e26256534f6be6749050c1d32a883222c283c46e52e6586ec?s=96&d=blank&r=g","contentUrl":"https:\/\/secure.gravatar.com\/avatar\/bfb0a99cf724a24e26256534f6be6749050c1d32a883222c283c46e52e6586ec?s=96&d=blank&r=g","caption":"ccclaus"}}]}},"_links":{"self":[{"href":"http:\/\/www.herschdurfer-karneval.de\/wpr\/wp-json\/wp\/v2\/posts\/822","targetHints":{"allow":["GET"]}}],"collection":[{"href":"http:\/\/www.herschdurfer-karneval.de\/wpr\/wp-json\/wp\/v2\/posts"}],"about":[{"href":"http:\/\/www.herschdurfer-karneval.de\/wpr\/wp-json\/wp\/v2\/types\/post"}],"author":[{"embeddable":true,"href":"http:\/\/www.herschdurfer-karneval.de\/wpr\/wp-json\/wp\/v2\/users\/1"}],"replies":[{"embeddable":true,"href":"http:\/\/www.herschdurfer-karneval.de\/wpr\/wp-json\/wp\/v2\/comments?post=822"}],"version-history":[{"count":0,"href":"http:\/\/www.herschdurfer-karneval.de\/wpr\/wp-json\/wp\/v2\/posts\/822\/revisions"}],"wp:attachment":[{"href":"http:\/\/www.herschdurfer-karneval.de\/wpr\/wp-json\/wp\/v2\/media?parent=822"}],"wp:term":[{"taxonomy":"category","embeddable":true,"href":"http:\/\/www.herschdurfer-karneval.de\/wpr\/wp-json\/wp\/v2\/categories?post=822"},{"taxonomy":"post_tag","embeddable":true,"href":"http:\/\/www.herschdurfer-karneval.de\/wpr\/wp-json\/wp\/v2\/tags?post=822"}],"curies":[{"name":"wp","href":"https:\/\/api.w.org\/{rel}","templated":true}]}}